{"id":6158,"date":"2024-05-16T10:00:00","date_gmt":"2024-05-16T13:00:00","guid":{"rendered":"https:\/\/sgvaimudar.com.br\/?p=6158"},"modified":"2024-05-15T18:34:58","modified_gmt":"2024-05-15T21:34:58","slug":"programa-oportunidades-da-prefeitura-ofereceu-vagas-de-emprego","status":"publish","type":"post","link":"https:\/\/sgvaimudar.com.br\/index.php\/2024\/05\/16\/programa-oportunidades-da-prefeitura-ofereceu-vagas-de-emprego\/","title":{"rendered":"Programa Oportunidades da Prefeitura ofereceu vagas de emprego"},"content":{"rendered":"\n<p><em>A\u00e7\u00e3o aconteceu no P\u00e1tio Alc\u00e2ntara numa parceria com o Sine<\/em><\/p>\n\n\n\n<p>O Programa Oportunidades realizou uma nova edi\u00e7\u00e3o recentemente no P\u00e1tio Alc\u00e2ntara. A a\u00e7\u00e3o foi desenvolvida pela Prefeitura de S\u00e3o Gon\u00e7alo, atrav\u00e9s da Secretaria de Desenvolvimento Econ\u00f4mico, com apoio da Subsecretaria de Trabalho e parceria do Sistema Nacional de Emprego (Sine) e  ofertou vagas de emprego, orienta\u00e7\u00f5es do Microeemprendedor Individual (MEI), obten\u00e7\u00e3o de alvar\u00e1s e de cr\u00e9ditos, e regulamenta\u00e7\u00e3o de d\u00e9bitos. <\/p>\n\n\n\n<figure class=\"wp-block-image size-full\"><img fetchpriority=\"high\" decoding=\"async\" width=\"1024\" height=\"681\" src=\"https:\/\/sgvaimudar.com.br\/wp-content\/uploads\/2024\/05\/unnamed-8-6.jpg\" alt=\"\" class=\"wp-image-6159\" srcset=\"https:\/\/sgvaimudar.com.br\/wp-content\/uploads\/2024\/05\/unnamed-8-6.jpg 1024w, https:\/\/sgvaimudar.com.br\/wp-content\/uploads\/2024\/05\/unnamed-8-6-300x200.jpg 300w, https:\/\/sgvaimudar.com.br\/wp-content\/uploads\/2024\/05\/unnamed-8-6-768x511.jpg 768w\" sizes=\"(max-width: 1024px) 100vw, 1024px\" \/><\/figure>\n\n\n\n<p>Mais de 80 pessoas passaram pelo local ainda na primeira hora de atendimento.<\/p>\n\n\n\n<p>\u201cSeguimos essa parceria com o Sine para que todo gon\u00e7alense que busca uma oportunidade tenha a chance de ser chamado para uma entrevista. Al\u00e9m dessas a\u00e7\u00f5es, diariamente realizamos atendimentos nos postos do Sine, tanto do Centro quanto do Alc\u00e2ntara, para auxiliar aqueles que precisam\u201d, destacou o subsecret\u00e1rio de Trabalho, Wagner Ventura.\u00a0<\/p>\n\n\n\n<p>Quase 100 vagas de emprego foram ofertadas durante a a\u00e7\u00e3o desta sexta-feira (12). Foram oportunidades para instalador de redes, consultor de vendas, motorista carreteiro, leiturista, operador de caixa, repositor de supermercado, fiscal de preven\u00e7\u00e3o de perdas, a\u00e7ougueiro e vendedor.&nbsp;<\/p>\n\n\n\n<p>Ana Karla Mendes, de 30 anos, estava na fila em busca de uma oportunidade de emprego. Desempregada h\u00e1 pouco mais de um ano, Ana Karla viu no programa uma chance para participar de uma entrevista de emprego.&nbsp;&nbsp;<\/p>\n\n\n\n<p>\u201cJ\u00e1 tinha tentado vir em outra edi\u00e7\u00e3o do Oportunidades mas n\u00e3o consegui. Hoje estou aqui na esperan\u00e7a de conseguir um encaminhamento para entrevista, porque fico por horas procurando vagas de emprego na internet e sequer sou chamada para uma conversa. Espero que d\u00ea tudo certo\u201d, disse Ana Karla.&nbsp;<\/p>\n\n\n\n<p>J\u00e1 Carolina Alves, moradora do Jardim Catarina, foi at\u00e9 o Oportunidades para pedir aux\u00edlio sobre o MEI, pois seu plano \u00e9 se tornar uma microempreendedora ainda neste ano.&nbsp;<\/p>\n\n\n\n<p>\u201cEstava passando pelo shopping e vi a fila, quando fiquei sabendo que tamb\u00e9m realizavam cadastro do MEI, resolvi esperar. Consegui solucionar minhas d\u00favidas e tamb\u00e9m que fiquei sabendo sobre os servi\u00e7os da Casa do Empreendedor\u201d, contou Carolina.&nbsp;<\/p>\n\n\n\n<p><em>Fotos: Luiz Carvalho<\/em><\/p>\n","protected":false},"excerpt":{"rendered":"<p>A\u00e7\u00e3o aconteceu no P\u00e1tio Alc\u00e2ntara numa parceria com o Sine O Programa Oportunidades realizou uma nova edi\u00e7\u00e3o recentemente no P\u00e1tio&hellip;<\/p>\n","protected":false},"author":5,"featured_media":6160,"comment_status":"open","ping_status":"open","sticky":false,"template":"","format":"standard","meta":{"fifu_image_url":"","fifu_image_alt":"","footnotes":""},"categories":[3],"tags":[],"class_list":["post-6158","post","type-post","status-publish","format-standard","has-post-thumbnail","hentry","category-sao-goncalo"],"_links":{"self":[{"href":"https:\/\/sgvaimudar.com.br\/index.php\/wp-json\/wp\/v2\/posts\/6158","targetHints":{"allow":["GET"]}}],"collection":[{"href":"https:\/\/sgvaimudar.com.br\/index.php\/wp-json\/wp\/v2\/posts"}],"about":[{"href":"https:\/\/sgvaimudar.com.br\/index.php\/wp-json\/wp\/v2\/types\/post"}],"author":[{"embeddable":true,"href":"https:\/\/sgvaimudar.com.br\/index.php\/wp-json\/wp\/v2\/users\/5"}],"replies":[{"embeddable":true,"href":"https:\/\/sgvaimudar.com.br\/index.php\/wp-json\/wp\/v2\/comments?post=6158"}],"version-history":[{"count":1,"href":"https:\/\/sgvaimudar.com.br\/index.php\/wp-json\/wp\/v2\/posts\/6158\/revisions"}],"predecessor-version":[{"id":6161,"href":"https:\/\/sgvaimudar.com.br\/index.php\/wp-json\/wp\/v2\/posts\/6158\/revisions\/6161"}],"wp:featuredmedia":[{"embeddable":true,"href":"https:\/\/sgvaimudar.com.br\/index.php\/wp-json\/wp\/v2\/media\/6160"}],"wp:attachment":[{"href":"https:\/\/sgvaimudar.com.br\/index.php\/wp-json\/wp\/v2\/media?parent=6158"}],"wp:term":[{"taxonomy":"category","embeddable":true,"href":"https:\/\/sgvaimudar.com.br\/index.php\/wp-json\/wp\/v2\/categories?post=6158"},{"taxonomy":"post_tag","embeddable":true,"href":"https:\/\/sgvaimudar.com.br\/index.php\/wp-json\/wp\/v2\/tags?post=6158"}],"curies":[{"name":"wp","href":"https:\/\/api.w.org\/{rel}","templated":true}]}}