{"id":6133,"date":"2024-05-15T14:00:00","date_gmt":"2024-05-15T17:00:00","guid":{"rendered":"https:\/\/sgvaimudar.com.br\/?p=6133"},"modified":"2024-05-15T10:16:17","modified_gmt":"2024-05-15T13:16:17","slug":"umpa-do-pacheco-finaliza-melhorias-na-unidade","status":"publish","type":"post","link":"https:\/\/sgvaimudar.com.br\/index.php\/2024\/05\/15\/umpa-do-pacheco-finaliza-melhorias-na-unidade\/","title":{"rendered":"UMPA do Pacheco finaliza melhorias na unidade"},"content":{"rendered":"\n<p><em>Servidores contam com novo refeit\u00f3rio\u00a0\u00a0<\/em><\/p>\n\n\n\n<p>Os funcion\u00e1rios da Unidade Municipal de Pronto Atendimento (Umpa) do Pacheco ganharam um novo refeit\u00f3rio. O espa\u00e7o est\u00e1 climatizado, ganhou jardim de inverno, ter\u00e1 nova mob\u00edlia e muito mais conforto.\u00a0<\/p>\n\n\n\n<figure class=\"wp-block-image size-large\"><img fetchpriority=\"high\" decoding=\"async\" width=\"1024\" height=\"683\" src=\"https:\/\/sgvaimudar.com.br\/wp-content\/uploads\/2024\/05\/unnamed-1-8-1024x683.jpg\" alt=\"\" class=\"wp-image-6134\" srcset=\"https:\/\/sgvaimudar.com.br\/wp-content\/uploads\/2024\/05\/unnamed-1-8-1024x683.jpg 1024w, https:\/\/sgvaimudar.com.br\/wp-content\/uploads\/2024\/05\/unnamed-1-8-300x200.jpg 300w, https:\/\/sgvaimudar.com.br\/wp-content\/uploads\/2024\/05\/unnamed-1-8-768x512.jpg 768w, https:\/\/sgvaimudar.com.br\/wp-content\/uploads\/2024\/05\/unnamed-1-8-1536x1024.jpg 1536w, https:\/\/sgvaimudar.com.br\/wp-content\/uploads\/2024\/05\/unnamed-1-8.jpg 1620w\" sizes=\"(max-width: 1024px) 100vw, 1024px\" \/><\/figure>\n\n\n\n<p>Segundo a Prefeitura, antes da mudan\u00e7a, os funcion\u00e1rios eram servidos em uma sala e iam para o refeit\u00f3rio para realizar as refei\u00e7\u00f5es. &#8220;Com a adequa\u00e7\u00e3o do antigo refeit\u00f3rio, que teve retirada de parede e cobertura do espa\u00e7o, os servidores poder\u00e3o se servir e comer no mesmo local&#8221;, disse o poder p\u00fablico no texto.<\/p>\n\n\n\n<p>&#8220;Al\u00e9m disso, o local ganhou TV, m\u00fasica ambiente, bebedouro e banco para descanso no jardim. O espa\u00e7o do jardim tamb\u00e9m foi privilegiado com as pinturas do projeto Cidade Ilustrada, desenvolvido pela Secretaria de Desenvolvimento Econ\u00f4mico da Prefeitura de S\u00e3o Gon\u00e7alo&#8221;, completou o Executivo na nota.<\/p>\n\n\n\n<p>Por dia, 55 servidores t\u00eam caf\u00e9 da manh\u00e3, almo\u00e7o, lanche da tarde, jantar e desjejum na unidade. \u201cTodo o ambiente est\u00e1 mais humanizado para receber os funcion\u00e1rios, que tamb\u00e9m poder\u00e3o fazer tudo em um s\u00f3 lugar. Servir, comer e descansar\u201d, disse a administradora, Jane Kelen Rodrigues.<\/p>\n\n\n\n<p>O secret\u00e1rio de Sa\u00fade e Defesa Civil de S\u00e3o Gon\u00e7alo, Dr. Gleison Rocha, defende a humaniza\u00e7\u00e3o para todos. \u201cJ\u00e1 \u00e9 um lema do governo Capit\u00e3o Nelson a humaniza\u00e7\u00e3o nas unidades de sa\u00fade. E ela chega para todos, inclusive para os funcion\u00e1rios. S\u00e3o pequenos detalhes que fazem toda a diferen\u00e7a e vai refletir no atendimento aos pacientes\u201d, finalizou.<\/p>\n\n\n\n<p><em>Fotos: Fabio Guimar\u00e3es \u00a0\u00a0<\/em><\/p>\n\n\n\n<p>Texto: Ascom PMSG<\/p>\n","protected":false},"excerpt":{"rendered":"<p>Servidores contam com novo refeit\u00f3rio\u00a0\u00a0 Os funcion\u00e1rios da Unidade Municipal de Pronto Atendimento (Umpa) do Pacheco ganharam um novo refeit\u00f3rio.&hellip;<\/p>\n","protected":false},"author":5,"featured_media":6135,"comment_status":"open","ping_status":"open","sticky":false,"template":"","format":"standard","meta":{"fifu_image_url":"","fifu_image_alt":"","footnotes":""},"categories":[7],"tags":[],"class_list":["post-6133","post","type-post","status-publish","format-standard","has-post-thumbnail","hentry","category-saude"],"_links":{"self":[{"href":"https:\/\/sgvaimudar.com.br\/index.php\/wp-json\/wp\/v2\/posts\/6133","targetHints":{"allow":["GET"]}}],"collection":[{"href":"https:\/\/sgvaimudar.com.br\/index.php\/wp-json\/wp\/v2\/posts"}],"about":[{"href":"https:\/\/sgvaimudar.com.br\/index.php\/wp-json\/wp\/v2\/types\/post"}],"author":[{"embeddable":true,"href":"https:\/\/sgvaimudar.com.br\/index.php\/wp-json\/wp\/v2\/users\/5"}],"replies":[{"embeddable":true,"href":"https:\/\/sgvaimudar.com.br\/index.php\/wp-json\/wp\/v2\/comments?post=6133"}],"version-history":[{"count":3,"href":"https:\/\/sgvaimudar.com.br\/index.php\/wp-json\/wp\/v2\/posts\/6133\/revisions"}],"predecessor-version":[{"id":6140,"href":"https:\/\/sgvaimudar.com.br\/index.php\/wp-json\/wp\/v2\/posts\/6133\/revisions\/6140"}],"wp:featuredmedia":[{"embeddable":true,"href":"https:\/\/sgvaimudar.com.br\/index.php\/wp-json\/wp\/v2\/media\/6135"}],"wp:attachment":[{"href":"https:\/\/sgvaimudar.com.br\/index.php\/wp-json\/wp\/v2\/media?parent=6133"}],"wp:term":[{"taxonomy":"category","embeddable":true,"href":"https:\/\/sgvaimudar.com.br\/index.php\/wp-json\/wp\/v2\/categories?post=6133"},{"taxonomy":"post_tag","embeddable":true,"href":"https:\/\/sgvaimudar.com.br\/index.php\/wp-json\/wp\/v2\/tags?post=6133"}],"curies":[{"name":"wp","href":"https:\/\/api.w.org\/{rel}","templated":true}]}}