{"id":6125,"date":"2024-05-15T11:00:00","date_gmt":"2024-05-15T14:00:00","guid":{"rendered":"https:\/\/sgvaimudar.com.br\/?p=6125"},"modified":"2024-05-15T10:03:36","modified_gmt":"2024-05-15T13:03:36","slug":"vem-ai-o-3o-seminario-da-orientacao-educacional-no-auditorio-da-uerj","status":"publish","type":"post","link":"https:\/\/sgvaimudar.com.br\/index.php\/2024\/05\/15\/vem-ai-o-3o-seminario-da-orientacao-educacional-no-auditorio-da-uerj\/","title":{"rendered":"Vem a\u00ed: O 3\u00ba Semin\u00e1rio da Orienta\u00e7\u00e3o Educacional no audit\u00f3rio da Uerj"},"content":{"rendered":"\n<p>Com o tema: \u201cOrienta\u00e7\u00e3o Educacional no Brasil: interesses e conflitos na efetiva\u00e7\u00e3o das pol\u00edticas p\u00fablicas\u201d, a Secretaria de Educa\u00e7\u00e3o da Prefeitura de S\u00e3o Gon\u00e7alo prepara, para ter\u00e7a-feira, (28\/5), o 3\u00ba Semin\u00e1rio da Orienta\u00e7\u00e3o Educacional, das 9h \u00e0s 17h, no audit\u00f3rio da Universidade do Estado do Rio de Janeiro (Uerj), no Patronato.<\/p>\n\n\n\n<p>\u00a0As inscri\u00e7\u00f5es est\u00e3o abertas ao p\u00fablico, com limite de vagas, e devem ser feitas pelo link\u00a0<a rel=\"noreferrer noopener\" href=\"https:\/\/click.cse360.com.br\/Click\/AddCampaignEmailClick\/f9916083-8883-4771-f19d-08dc694cd27d\/https%253a%252f%252fforms.gle%252fDvWHhRYuaKZVuJxQ6\/ac66966e-2b55-4484-fb2c-08dc491eed5f\/jornalistaws@gmail.com\/False\" target=\"_blank\">https:\/\/forms.gle\/DvWHhRYuaKZVuJxQ6<\/a>.<\/p>\n\n\n\n<p>O Semin\u00e1rio da Orienta\u00e7\u00e3o Educacional se constitui como estrat\u00e9gia para a reelabora\u00e7\u00e3o das pr\u00e1ticas no espa\u00e7o escolar, a partir de uma reflex\u00e3o cr\u00edtica e responsiva dos cotidianos nas unidades de ensino. O semin\u00e1rio ir\u00e1 debater a complexidade do desenvolvimento social, cognitivo e emocional dos educandos, buscando conhecimento e trocas de experi\u00eancias.<\/p>\n\n\n\n<p>\u201c\u00c9 preciso trazer a Orienta\u00e7\u00e3o Educacional para um espa\u00e7o mais comum, com um debate mais intenso das suas pr\u00e1ticas. A participa\u00e7\u00e3o e o interesse dos orientadores neste tipo de evento t\u00eam aumentado muito no \u00faltimos anos e n\u00f3s estamos ofertando o semin\u00e1rio pela terceira vez, com uma roupagem nova, debatendo temas muito pertinentes\u201d, disse a coordenadora da Orienta\u00e7\u00e3o Educacional, Carla Ver\u00f4nica.<\/p>\n\n\n\n<p><strong>Palestra<\/strong><\/p>\n\n\n\n<p>9h \u2013 abertura \u2013 Tema: \u201cA Orienta\u00e7\u00e3o Educacional no Brasil: Interesses e Conflitos na efetiva\u00e7\u00e3o das Pol\u00edticas P\u00fablicas\u201d. Com a presen\u00e7a dos (as) palestrantes:&nbsp;prof\u00aa Doutora Mirian Grispun; prof\u00ba Doutor Edson Soares \u2013 UFRJ; prof\u00ba Doutor Moacyr Salles Ramos \u2013 UFF; Mediadora: Prof\u00aa Juliele Ferreira.<\/p>\n\n\n\n<p><strong>Rodas de conversa<\/strong><\/p>\n\n\n\n<p>A partir das 13h30, acontecer\u00e3o as rodas de conversa, que ser\u00e3o compostas por tem\u00e1ticas que abranger\u00e3o as pr\u00e1ticas da Orienta\u00e7\u00e3o Educacional e ocorrer\u00e3o simultaneamente em salas distintas:<\/p>\n\n\n\n<p>\u201cOs Desafios de uma Inclus\u00e3o Amorosa\u201d \u2013 Prof\u00aa Mestra Gianne Isidoro<\/p>\n\n\n\n<p>\u201cRacista, eu? Di\u00e1logos sobre pr\u00e1ticas antirracistas\u201d \u2013 Prof\u00aa Doutoranda Adriele Lisboa<\/p>\n\n\n\n<p>\u201cFam\u00edlia: A Orienta\u00e7\u00e3o Educacional no Afeto e desafeto com as Fam\u00edlias\u201d \u2013 Prof\u00ba Doutor Ronald Quintanilha.<\/p>\n\n\n\n<p>\u201cPerman\u00eancia do Estudante no Espa\u00e7o Escolar: Foco na Educa\u00e7\u00e3o de Jovens e Adultos\u201d &#8211; Prof\u00aa Doutora Ana Val\u00e9ria Dias Pereira.<\/p>\n","protected":false},"excerpt":{"rendered":"<p>Com o tema: \u201cOrienta\u00e7\u00e3o Educacional no Brasil: interesses e conflitos na efetiva\u00e7\u00e3o das pol\u00edticas p\u00fablicas\u201d, a Secretaria de Educa\u00e7\u00e3o da&hellip;<\/p>\n","protected":false},"author":5,"featured_media":6126,"comment_status":"open","ping_status":"open","sticky":false,"template":"","format":"standard","meta":{"fifu_image_url":"","fifu_image_alt":"","footnotes":""},"categories":[3],"tags":[],"class_list":["post-6125","post","type-post","status-publish","format-standard","has-post-thumbnail","hentry","category-sao-goncalo"],"_links":{"self":[{"href":"https:\/\/sgvaimudar.com.br\/index.php\/wp-json\/wp\/v2\/posts\/6125","targetHints":{"allow":["GET"]}}],"collection":[{"href":"https:\/\/sgvaimudar.com.br\/index.php\/wp-json\/wp\/v2\/posts"}],"about":[{"href":"https:\/\/sgvaimudar.com.br\/index.php\/wp-json\/wp\/v2\/types\/post"}],"author":[{"embeddable":true,"href":"https:\/\/sgvaimudar.com.br\/index.php\/wp-json\/wp\/v2\/users\/5"}],"replies":[{"embeddable":true,"href":"https:\/\/sgvaimudar.com.br\/index.php\/wp-json\/wp\/v2\/comments?post=6125"}],"version-history":[{"count":2,"href":"https:\/\/sgvaimudar.com.br\/index.php\/wp-json\/wp\/v2\/posts\/6125\/revisions"}],"predecessor-version":[{"id":6129,"href":"https:\/\/sgvaimudar.com.br\/index.php\/wp-json\/wp\/v2\/posts\/6125\/revisions\/6129"}],"wp:featuredmedia":[{"embeddable":true,"href":"https:\/\/sgvaimudar.com.br\/index.php\/wp-json\/wp\/v2\/media\/6126"}],"wp:attachment":[{"href":"https:\/\/sgvaimudar.com.br\/index.php\/wp-json\/wp\/v2\/media?parent=6125"}],"wp:term":[{"taxonomy":"category","embeddable":true,"href":"https:\/\/sgvaimudar.com.br\/index.php\/wp-json\/wp\/v2\/categories?post=6125"},{"taxonomy":"post_tag","embeddable":true,"href":"https:\/\/sgvaimudar.com.br\/index.php\/wp-json\/wp\/v2\/tags?post=6125"}],"curies":[{"name":"wp","href":"https:\/\/api.w.org\/{rel}","templated":true}]}}