{"id":6116,"date":"2024-05-15T10:00:00","date_gmt":"2024-05-15T13:00:00","guid":{"rendered":"https:\/\/sgvaimudar.com.br\/?p=6116"},"modified":"2024-05-15T09:07:25","modified_gmt":"2024-05-15T12:07:25","slug":"nelson-barbudo-deve-assumir-vaga-deixada-por-amalia-barros-na-camara","status":"publish","type":"post","link":"https:\/\/sgvaimudar.com.br\/index.php\/2024\/05\/15\/nelson-barbudo-deve-assumir-vaga-deixada-por-amalia-barros-na-camara\/","title":{"rendered":"Nelson Barbudo deve assumir vaga deixada por Am\u00e1lia Barros na C\u00e2mara"},"content":{"rendered":"\n<p><em>Barbudo foi deputado federal de 2019 a 2022, mas recebeu cerca de 53 mil votos nas \u00faltimas elei\u00e7\u00f5es e n\u00e3o conseguiu se reeleger<\/em><\/p>\n\n\n\n<p>O presidente do PL em Mato Grosso, Ananias Filho, afirmou que o primeiro suplente da deputada federal Am\u00e1lia Barros (PL), Nelson Barbudo (PL), trabalha na estrutura\u00e7\u00e3o da sua equipe. At\u00e9 o momento, o nome que est\u00e1 quase fechado \u00e9 do advogado Carlos Hayashida. Ele assumiria o cargo de chefe de gabinete. Segundo Ananias, ele \u00e9 considerado uma das pessoas de confian\u00e7a do suplente e ocupou a mesma fun\u00e7\u00e3o durante o mandato de Barbudo na C\u00e2mara dos Deputados.<\/p>\n\n\n\n<p>&#8220;Que eu saiba de Nelson Barbudo \u00e9 que o advogado Carlos Hayashida deve ser o chefe de gabinete dele. Ele \u00e9 o cara de confian\u00e7a dele e a pessoa que estava nesse cargo de chefe enquanto Barbudo estava deputado federal&#8221;, disse Ananias Filho nesta ter\u00e7a-feira (14).\u00a0<\/p>\n\n\n\n<p>Ainda n\u00e3o h\u00e1 uma data para que Nelson Barbudo seja convocado, por\u00e9m, o presidente do PL acredita que ser\u00e1 r\u00e1pido. De acordo com Ananias, o presidente da C\u00e2mara, Arthur Lira (PP-AL), segue o rito do Legislativo e aguarda a apresenta\u00e7\u00e3o da certid\u00e3o de \u00f3bito de Am\u00e1lia para que a vaga seja considerada dispon\u00edvel e o suplente possa assumir o mandato.&nbsp;<\/p>\n\n\n\n<p>&#8220;A C\u00e2mara Federal espera a chegada da certid\u00e3o de \u00f3bito at\u00e9 eles para declararem vago o cargo. Declarando vago, convocam Barbudo. Mas ser\u00e1 um processo r\u00e1pido, porque o estado de Mato Grosso n\u00e3o pode ficar sem uma representa\u00e7\u00e3o&#8221;, explicou Ananias.\u00a0<\/p>\n\n\n\n<p>Enquanto n\u00e3o assume, Nelson Barbuso segue &#8220;isolado&#8221;. O comportamento moderado e distante dos microfones da imprensa \u00e9 uma orienta\u00e7\u00e3o do pr\u00f3prio Ananias. O presidente explicou que recomendou o &#8220;sil\u00eancio&#8221; ao suplente para que ele n\u00e3o corra o risco de ser mal interpretado com declara\u00e7\u00f5es antecipadas, tendo em vista que retorna \u00e0 C\u00e2mara ap\u00f3s a morte de uma correligion\u00e1ria.&nbsp;<\/p>\n\n\n\n<p>&#8220;Isso foi eu que pedi a ele. O aconselhei a n\u00e3o sair falando nada porque \u00e9 um momento delicado, \u00e9 um momento triste, foi uma situa\u00e7\u00e3o que n\u00e3o foi da vontade dele, para que n\u00e3o fosse mal interpretado em alguma fala. Isso que o orientei&#8221;, esclareceu.<\/p>\n\n\n\n<p>LEGADO DA AM\u00c1LIA<\/p>\n\n\n\n<p>Para n\u00e3o deixar que as pautas de Am\u00e1lia sejam enterradas no Legislativo, Ananias tamb\u00e9m recomendou um interc\u00e2mbio entre o que ser\u00e1 defendido por Nelson Barbudo no plen\u00e1rio, uma vez que ele levanta bandeiras diferentes da deputada federal. O suplente tem os olhos mais inclinados ao agroneg\u00f3cio. J\u00e1 Am\u00e1lia era voltada \u00e0 implementa\u00e7\u00e3o de pol\u00edticas p\u00fablicas das pessoas com defici\u00eancia.\u00a0Os outros deputados federais filiados ao PL &#8211; Abilio Brunini, Coronel Fernanda e Jos\u00e9 Medeiros &#8211; devem seguir o mesmo caminho, adotando o encaminhamento de projeto de leis de autoria de Am\u00e1lia.\u00a0<\/p>\n\n\n\n<p>&#8220;Pedi que o legado da Am\u00e1lia seja defendido pelos quatro que ficaram. Eles ser\u00e3o os portadores de defesa das pautas da deputada Am\u00e1lia Barros&#8221;, finalizou Ananias.\u00a0<\/p>\n\n\n\n<p><em>Fonte: HNT<\/em><\/p>\n","protected":false},"excerpt":{"rendered":"<p>Barbudo foi deputado federal de 2019 a 2022, mas recebeu cerca de 53 mil votos nas \u00faltimas elei\u00e7\u00f5es e n\u00e3o&hellip;<\/p>\n","protected":false},"author":5,"featured_media":6117,"comment_status":"open","ping_status":"open","sticky":false,"template":"","format":"standard","meta":{"fifu_image_url":"","fifu_image_alt":"","footnotes":""},"categories":[4],"tags":[],"class_list":["post-6116","post","type-post","status-publish","format-standard","has-post-thumbnail","hentry","category-brasil"],"_links":{"self":[{"href":"https:\/\/sgvaimudar.com.br\/index.php\/wp-json\/wp\/v2\/posts\/6116","targetHints":{"allow":["GET"]}}],"collection":[{"href":"https:\/\/sgvaimudar.com.br\/index.php\/wp-json\/wp\/v2\/posts"}],"about":[{"href":"https:\/\/sgvaimudar.com.br\/index.php\/wp-json\/wp\/v2\/types\/post"}],"author":[{"embeddable":true,"href":"https:\/\/sgvaimudar.com.br\/index.php\/wp-json\/wp\/v2\/users\/5"}],"replies":[{"embeddable":true,"href":"https:\/\/sgvaimudar.com.br\/index.php\/wp-json\/wp\/v2\/comments?post=6116"}],"version-history":[{"count":1,"href":"https:\/\/sgvaimudar.com.br\/index.php\/wp-json\/wp\/v2\/posts\/6116\/revisions"}],"predecessor-version":[{"id":6118,"href":"https:\/\/sgvaimudar.com.br\/index.php\/wp-json\/wp\/v2\/posts\/6116\/revisions\/6118"}],"wp:featuredmedia":[{"embeddable":true,"href":"https:\/\/sgvaimudar.com.br\/index.php\/wp-json\/wp\/v2\/media\/6117"}],"wp:attachment":[{"href":"https:\/\/sgvaimudar.com.br\/index.php\/wp-json\/wp\/v2\/media?parent=6116"}],"wp:term":[{"taxonomy":"category","embeddable":true,"href":"https:\/\/sgvaimudar.com.br\/index.php\/wp-json\/wp\/v2\/categories?post=6116"},{"taxonomy":"post_tag","embeddable":true,"href":"https:\/\/sgvaimudar.com.br\/index.php\/wp-json\/wp\/v2\/tags?post=6116"}],"curies":[{"name":"wp","href":"https:\/\/api.w.org\/{rel}","templated":true}]}}