{"id":6107,"date":"2024-05-15T08:38:24","date_gmt":"2024-05-15T11:38:24","guid":{"rendered":"https:\/\/sgvaimudar.com.br\/?p=6107"},"modified":"2024-05-15T08:38:24","modified_gmt":"2024-05-15T11:38:24","slug":"creas-nas-escolas-orienta-alunos-da-rede-municipal","status":"publish","type":"post","link":"https:\/\/sgvaimudar.com.br\/index.php\/2024\/05\/15\/creas-nas-escolas-orienta-alunos-da-rede-municipal\/","title":{"rendered":"CREAS nas Escolas orienta alunos da rede municipal"},"content":{"rendered":"\n<p>Alunos do 7\u00ba ano da Escola Municipal Paulo Reglus Neves Freire, no bairro Mutuagua\u00e7u, receberam o &#8220;Creas nas Escolas&#8221;, na tarde desta ter\u00e7a-feira (14). O projeto, desenvolvido pela Subsecretaria de Prote\u00e7\u00e3o Social Especial da Secretaria de Assist\u00eancia Social da Prefeitura de S\u00e3o Gon\u00e7alo, aborda, atrav\u00e9s de uma a\u00e7\u00e3o educativa, temas como cidadania e desenvolvimento do indiv\u00edduo, al\u00e9m de disseminar os servi\u00e7os oferecidos nas unidades dos Creas.<\/p>\n\n\n\n<figure class=\"wp-block-image size-full\"><img fetchpriority=\"high\" decoding=\"async\" width=\"1024\" height=\"683\" src=\"https:\/\/sgvaimudar.com.br\/wp-content\/uploads\/2024\/05\/unnamed-16-3.jpg\" alt=\"\" class=\"wp-image-6108\" srcset=\"https:\/\/sgvaimudar.com.br\/wp-content\/uploads\/2024\/05\/unnamed-16-3.jpg 1024w, https:\/\/sgvaimudar.com.br\/wp-content\/uploads\/2024\/05\/unnamed-16-3-300x200.jpg 300w, https:\/\/sgvaimudar.com.br\/wp-content\/uploads\/2024\/05\/unnamed-16-3-768x512.jpg 768w\" sizes=\"(max-width: 1024px) 100vw, 1024px\" \/><\/figure>\n\n\n\n<p>Durante a realiza\u00e7\u00e3o do projeto, uma equipe da Assist\u00eancia Social, formada por pedagogos e assistentes sociais, conversa com os alunos de forma l\u00fadica e divertida sobre a garantia de direitos dessas crian\u00e7as. Nesta tarde, o conceito de empatia, tanto no \u00e2mbito escolar quanto familiar, foi discutido entre os alunos participantes atrav\u00e9s de trocas de experi\u00eancias e din\u00e2micas.&nbsp;<\/p>\n\n\n\n<p>\u201cCom o \u2018Creas nas Escolas\u2019 realizamos um trabalho de conscientiza\u00e7\u00e3o com os alunos e tamb\u00e9m fazemos com que eles se vejam como cidad\u00e3os. Al\u00e9m disso, buscamos aproximar os alunos dos servi\u00e7os oferecidos pela Assist\u00eancia Social, porque muitos n\u00e3o sabem dos seus direitos\u201d, disse a subsecret\u00e1ria Michele Pinheiro.&nbsp;<\/p>\n\n\n\n<p>A orientadora educacional da escola, Elaine de Oliveira, destacou a import\u00e2ncia do projeto para o desenvolvimento educacional e de cidadania dos alunos, especialmente para aqueles que vivem em vulnerabilidade social.&nbsp;<\/p>\n\n\n\n<p>\u201c\u00c9 muito importante que os alunos recebam a\u00e7\u00f5es externas pois eles se mostram sempre muito interessados em aprender sobre determinados temas da sociedade, especialmente quando o conte\u00fado \u00e9 l\u00fadico, como \u00e9 realizado no \u2018Creas nas Escolas\u2019. Acredito tamb\u00e9m na import\u00e2ncia dessa uni\u00e3o do poder p\u00fablico, nesse caso entre a Assist\u00eancia Social e a Educa\u00e7\u00e3o, pois notamos ser ben\u00e9fico tanto para o aluno quanto para seus familiares\u201d, afirmou a orientadora educacional.&nbsp;<\/p>\n\n\n\n<p>O Centro de Refer\u00eancia Especializado de Assist\u00eancia Social (Creas) \u00e9 um equipamento que oferta servi\u00e7os especializados e continuados a fam\u00edlias e indiv\u00edduos em situa\u00e7\u00e3o de amea\u00e7a ou viola\u00e7\u00e3o de direitos, seja viol\u00eancia f\u00edsica, psicol\u00f3gica, entre outras.&nbsp;<\/p>\n\n\n\n<p>S\u00e3o Gon\u00e7alo conta com cinco unidades do Creas que realizam atendimentos diariamente, s\u00e3o elas:&nbsp;<\/p>\n\n\n\n<p>Creas Arsenal \u2013 Avenida Dr. Eug\u00eanio Borges, s\/n;<\/p>\n\n\n\n<p>Creas Jardim Catarina \u2013 Rua Le\u00e3o Gambeta, 533 (antiga Rua 13);<\/p>\n\n\n\n<p>Creas Luiz Ca\u00e7ador \u2013&nbsp;Estrada da Trindade, 7, loja 2;<\/p>\n\n\n\n<p>Creas Mutondo \u2013 Rua Maria C\u00e2ndida, 40; Creas Vista Alegre \u2013 Estrada S\u00e3o Pedro, 800<\/p>\n\n\n\n<p><em>Fotos: F\u00e1bio Guimar\u00e3es<\/em><\/p>\n","protected":false},"excerpt":{"rendered":"<p>Alunos do 7\u00ba ano da Escola Municipal Paulo Reglus Neves Freire, no bairro Mutuagua\u00e7u, receberam o &#8220;Creas nas Escolas&#8221;, na&hellip;<\/p>\n","protected":false},"author":5,"featured_media":6109,"comment_status":"open","ping_status":"open","sticky":false,"template":"","format":"standard","meta":{"fifu_image_url":"","fifu_image_alt":"","footnotes":""},"categories":[3],"tags":[],"class_list":["post-6107","post","type-post","status-publish","format-standard","has-post-thumbnail","hentry","category-sao-goncalo"],"_links":{"self":[{"href":"https:\/\/sgvaimudar.com.br\/index.php\/wp-json\/wp\/v2\/posts\/6107","targetHints":{"allow":["GET"]}}],"collection":[{"href":"https:\/\/sgvaimudar.com.br\/index.php\/wp-json\/wp\/v2\/posts"}],"about":[{"href":"https:\/\/sgvaimudar.com.br\/index.php\/wp-json\/wp\/v2\/types\/post"}],"author":[{"embeddable":true,"href":"https:\/\/sgvaimudar.com.br\/index.php\/wp-json\/wp\/v2\/users\/5"}],"replies":[{"embeddable":true,"href":"https:\/\/sgvaimudar.com.br\/index.php\/wp-json\/wp\/v2\/comments?post=6107"}],"version-history":[{"count":1,"href":"https:\/\/sgvaimudar.com.br\/index.php\/wp-json\/wp\/v2\/posts\/6107\/revisions"}],"predecessor-version":[{"id":6110,"href":"https:\/\/sgvaimudar.com.br\/index.php\/wp-json\/wp\/v2\/posts\/6107\/revisions\/6110"}],"wp:featuredmedia":[{"embeddable":true,"href":"https:\/\/sgvaimudar.com.br\/index.php\/wp-json\/wp\/v2\/media\/6109"}],"wp:attachment":[{"href":"https:\/\/sgvaimudar.com.br\/index.php\/wp-json\/wp\/v2\/media?parent=6107"}],"wp:term":[{"taxonomy":"category","embeddable":true,"href":"https:\/\/sgvaimudar.com.br\/index.php\/wp-json\/wp\/v2\/categories?post=6107"},{"taxonomy":"post_tag","embeddable":true,"href":"https:\/\/sgvaimudar.com.br\/index.php\/wp-json\/wp\/v2\/tags?post=6107"}],"curies":[{"name":"wp","href":"https:\/\/api.w.org\/{rel}","templated":true}]}}