{"id":6098,"date":"2024-05-14T21:36:50","date_gmt":"2024-05-15T00:36:50","guid":{"rendered":"https:\/\/sgvaimudar.com.br\/?p=6098"},"modified":"2024-05-15T08:11:28","modified_gmt":"2024-05-15T11:11:28","slug":"douglas-ruas-participa-ate-amanha-do-smart-city-em-sao-paulo","status":"publish","type":"post","link":"https:\/\/sgvaimudar.com.br\/index.php\/2024\/05\/14\/douglas-ruas-participa-ate-amanha-do-smart-city-em-sao-paulo\/","title":{"rendered":"Douglas Ruas participa do Smart City, em S\u00e3o Paulo"},"content":{"rendered":"\n<p>O secret\u00e1rio de Estado das Cidades, do Rio de Janeiro, Douglas Ruas,&nbsp;participa at\u00e9 esta quarta-feira (15\/5) do Smart City Business, em S\u00e3o Paulo. Na ocasi\u00e3o, o pol\u00edtico gon\u00e7alense representa a gest\u00e3o do governador Claudio Castro. <\/p>\n\n\n\n<figure class=\"wp-block-image size-full\"><img fetchpriority=\"high\" decoding=\"async\" width=\"335\" height=\"388\" src=\"https:\/\/sgvaimudar.com.br\/wp-content\/uploads\/2024\/05\/DR.jpg\" alt=\"\" class=\"wp-image-6101\" srcset=\"https:\/\/sgvaimudar.com.br\/wp-content\/uploads\/2024\/05\/DR.jpg 335w, https:\/\/sgvaimudar.com.br\/wp-content\/uploads\/2024\/05\/DR-259x300.jpg 259w\" sizes=\"(max-width: 335px) 100vw, 335px\" \/><\/figure>\n\n\n\n<p>&#8220;Nessa edi\u00e7\u00e3o, o encontro aborda assuntos relacionados a eventos extremos, como mudan\u00e7as clim\u00e1ticas e pandemia, al\u00e9m do avan\u00e7o das tecnologias&#8221;, disse Ruas.<br><br>Segundo ele, a ideia \u00e9 apresentar pol\u00edticas p\u00fablicas que possam prevenir e atuar de forma assertiva em casos complexos. <\/p>\n\n\n\n<p>&#8220;Amanh\u00e3 participo da mesa O G20 e o Poder Transformador das Cidades Brasileiras, que vai debater a import\u00e2ncia das regi\u00f5es metropolitanas e a aproxima\u00e7\u00e3o dessas cidades localizadas entre as capitais Rio de Janeiro e S\u00e3o Paulo&#8221;, afirmou Douglas Ruas na postagem.<br><br>&#8220;Vamos juntos por solu\u00e7\u00f5es que tornem nossas cidades cada vez mais desenvolvidas e resilientes&#8221;, concluiu ele.<\/p>\n\n\n\n<p><a href=\"https:\/\/www.instagram.com\/p\/C69qIrZRg2V\/\"><\/a><\/p>\n\n\n\n<p><\/p>\n","protected":false},"excerpt":{"rendered":"<p>O secret\u00e1rio de Estado das Cidades, do Rio de Janeiro, Douglas Ruas,&nbsp;participa at\u00e9 esta quarta-feira (15\/5) do Smart City Business,&hellip;<\/p>\n","protected":false},"author":5,"featured_media":6100,"comment_status":"open","ping_status":"open","sticky":false,"template":"","format":"standard","meta":{"fifu_image_url":"","fifu_image_alt":"","footnotes":""},"categories":[3],"tags":[],"class_list":["post-6098","post","type-post","status-publish","format-standard","has-post-thumbnail","hentry","category-sao-goncalo"],"_links":{"self":[{"href":"https:\/\/sgvaimudar.com.br\/index.php\/wp-json\/wp\/v2\/posts\/6098","targetHints":{"allow":["GET"]}}],"collection":[{"href":"https:\/\/sgvaimudar.com.br\/index.php\/wp-json\/wp\/v2\/posts"}],"about":[{"href":"https:\/\/sgvaimudar.com.br\/index.php\/wp-json\/wp\/v2\/types\/post"}],"author":[{"embeddable":true,"href":"https:\/\/sgvaimudar.com.br\/index.php\/wp-json\/wp\/v2\/users\/5"}],"replies":[{"embeddable":true,"href":"https:\/\/sgvaimudar.com.br\/index.php\/wp-json\/wp\/v2\/comments?post=6098"}],"version-history":[{"count":2,"href":"https:\/\/sgvaimudar.com.br\/index.php\/wp-json\/wp\/v2\/posts\/6098\/revisions"}],"predecessor-version":[{"id":6106,"href":"https:\/\/sgvaimudar.com.br\/index.php\/wp-json\/wp\/v2\/posts\/6098\/revisions\/6106"}],"wp:featuredmedia":[{"embeddable":true,"href":"https:\/\/sgvaimudar.com.br\/index.php\/wp-json\/wp\/v2\/media\/6100"}],"wp:attachment":[{"href":"https:\/\/sgvaimudar.com.br\/index.php\/wp-json\/wp\/v2\/media?parent=6098"}],"wp:term":[{"taxonomy":"category","embeddable":true,"href":"https:\/\/sgvaimudar.com.br\/index.php\/wp-json\/wp\/v2\/categories?post=6098"},{"taxonomy":"post_tag","embeddable":true,"href":"https:\/\/sgvaimudar.com.br\/index.php\/wp-json\/wp\/v2\/tags?post=6098"}],"curies":[{"name":"wp","href":"https:\/\/api.w.org\/{rel}","templated":true}]}}