{"id":5989,"date":"2024-05-12T08:03:45","date_gmt":"2024-05-12T11:03:45","guid":{"rendered":"https:\/\/sgvaimudar.com.br\/?p=5989"},"modified":"2024-05-12T08:03:45","modified_gmt":"2024-05-12T11:03:45","slug":"congresso-deputada-amalia-barros-morre-aos-39-anos","status":"publish","type":"post","link":"https:\/\/sgvaimudar.com.br\/index.php\/2024\/05\/12\/congresso-deputada-amalia-barros-morre-aos-39-anos\/","title":{"rendered":"Congresso: Deputada Am\u00e1lia Barros morre aos 39 anos"},"content":{"rendered":"\n<p><em>Congressista do PL estava internada desde 1\u00ba de maio em SP; havia dado entrada no hospital para retirar um n\u00f3dulo do p\u00e2ncreas<\/em><\/p>\n\n\n\n<p>A deputada federal Am\u00e1lia Barros (PL-MT) morreu neste domingo (12\/5), aos 39 anos. A informa\u00e7\u00e3o foi divulgada em seus perfis nas redes sociais no in\u00edcio da madrugada, \u00e0 1h13. Ainda n\u00e3o h\u00e1 informa\u00e7\u00f5es sobre vel\u00f3rio e enterro.<\/p>\n\n\n\n<figure class=\"wp-block-image size-full\"><img fetchpriority=\"high\" decoding=\"async\" width=\"528\" height=\"535\" src=\"https:\/\/sgvaimudar.com.br\/wp-content\/uploads\/2024\/05\/amalia.jpg\" alt=\"\" class=\"wp-image-5991\" srcset=\"https:\/\/sgvaimudar.com.br\/wp-content\/uploads\/2024\/05\/amalia.jpg 528w, https:\/\/sgvaimudar.com.br\/wp-content\/uploads\/2024\/05\/amalia-296x300.jpg 296w\" sizes=\"(max-width: 528px) 100vw, 528px\" \/><\/figure>\n\n\n\n<p>Segundo as informa\u00e7\u00f5es, Barros estava internada no hospital Vila Nova Star, em S\u00e3o Paulo, desde 1\u00ba de maio de 2024 para a retirada de um n\u00f3dulo no p\u00e2ncreas. No s\u00e1bado (11.mai), sua equipe disse\u00a0em suas redes sociais da congressista que ela passaria por uma nova cirurgia para tratar de \u201ccomplica\u00e7\u00f5es no f\u00edgado\u201d e que ela continuava em estado grave.<\/p>\n\n\n\n<p>Amalia Scudeler de Barros Santos nasceu em 22 de mar\u00e7o de 1985, em Mogi Mirim (SP). Ela perdeu a vis\u00e3o do olho esquerdo aos 20 anos, por causa de uma infec\u00e7\u00e3o. Teve o globo ocular removido em 2016 e passou a usar uma pr\u00f3tese ocular. <\/p>\n\n\n\n<p>Sua hist\u00f3ria teria inspirado a Lei n\u00ba 14.126\/2021, que classifica a vis\u00e3o monocular como defici\u00eancia sensorial. A deputada estava em seu 1\u00ba mandato. Ela havia sido eleita deputada federal pelo Mato Grosso em 2022, com 70.294 votos. Tamb\u00e9m atuava como vice-presidente do PL Mulher.<\/p>\n\n\n\n<p><\/p>\n\n\n\n<p><\/p>\n","protected":false},"excerpt":{"rendered":"<p>Congressista do PL estava internada desde 1\u00ba de maio em SP; havia dado entrada no hospital para retirar um n\u00f3dulo&hellip;<\/p>\n","protected":false},"author":5,"featured_media":5990,"comment_status":"open","ping_status":"open","sticky":false,"template":"","format":"standard","meta":{"fifu_image_url":"","fifu_image_alt":"","footnotes":""},"categories":[4],"tags":[],"class_list":["post-5989","post","type-post","status-publish","format-standard","has-post-thumbnail","hentry","category-brasil"],"_links":{"self":[{"href":"https:\/\/sgvaimudar.com.br\/index.php\/wp-json\/wp\/v2\/posts\/5989","targetHints":{"allow":["GET"]}}],"collection":[{"href":"https:\/\/sgvaimudar.com.br\/index.php\/wp-json\/wp\/v2\/posts"}],"about":[{"href":"https:\/\/sgvaimudar.com.br\/index.php\/wp-json\/wp\/v2\/types\/post"}],"author":[{"embeddable":true,"href":"https:\/\/sgvaimudar.com.br\/index.php\/wp-json\/wp\/v2\/users\/5"}],"replies":[{"embeddable":true,"href":"https:\/\/sgvaimudar.com.br\/index.php\/wp-json\/wp\/v2\/comments?post=5989"}],"version-history":[{"count":1,"href":"https:\/\/sgvaimudar.com.br\/index.php\/wp-json\/wp\/v2\/posts\/5989\/revisions"}],"predecessor-version":[{"id":5992,"href":"https:\/\/sgvaimudar.com.br\/index.php\/wp-json\/wp\/v2\/posts\/5989\/revisions\/5992"}],"wp:featuredmedia":[{"embeddable":true,"href":"https:\/\/sgvaimudar.com.br\/index.php\/wp-json\/wp\/v2\/media\/5990"}],"wp:attachment":[{"href":"https:\/\/sgvaimudar.com.br\/index.php\/wp-json\/wp\/v2\/media?parent=5989"}],"wp:term":[{"taxonomy":"category","embeddable":true,"href":"https:\/\/sgvaimudar.com.br\/index.php\/wp-json\/wp\/v2\/categories?post=5989"},{"taxonomy":"post_tag","embeddable":true,"href":"https:\/\/sgvaimudar.com.br\/index.php\/wp-json\/wp\/v2\/tags?post=5989"}],"curies":[{"name":"wp","href":"https:\/\/api.w.org\/{rel}","templated":true}]}}