{"id":5978,"date":"2024-05-12T18:00:00","date_gmt":"2024-05-12T21:00:00","guid":{"rendered":"https:\/\/sgvaimudar.com.br\/?p=5978"},"modified":"2024-05-12T19:45:27","modified_gmt":"2024-05-12T22:45:27","slug":"pacientes-aprovam-atendimento-na-usf-da-trindade","status":"publish","type":"post","link":"https:\/\/sgvaimudar.com.br\/index.php\/2024\/05\/12\/pacientes-aprovam-atendimento-na-usf-da-trindade\/","title":{"rendered":"Pacientes aprovam atendimento na USF da Trindade"},"content":{"rendered":"\n<p><em>Unidade de sa\u00fade passou por obras de revitaliza\u00e7\u00e3o&nbsp;<\/em><\/p>\n\n\n\n<p class=\"has-text-align-left\">A Unidade de Sa\u00fade da Fam\u00edlia (USF) Irm\u00e3 Dulce, na Trindade, foi toda revitalizada e entregue com uma estrutura totalmente nova aos moradores do bairro em janeiro de 2023. Pouco mais de um ano depois, a unidade colhe elogios dos pacientes, que s\u00e3o atendidos com mais conforto em ambientes climatizados e bem distribu\u00eddos. Os profissionais de sa\u00fade tamb\u00e9m foram beneficiados com melhores condi\u00e7\u00f5es de trabalho.&nbsp;&nbsp;&nbsp;&nbsp;&nbsp;<\/p>\n\n\n\n<figure class=\"wp-block-image size-large\"><img fetchpriority=\"high\" decoding=\"async\" width=\"1024\" height=\"683\" src=\"https:\/\/sgvaimudar.com.br\/wp-content\/uploads\/2024\/05\/unnamed-14-2-1024x683.jpg\" alt=\"\" class=\"wp-image-5979\" srcset=\"https:\/\/sgvaimudar.com.br\/wp-content\/uploads\/2024\/05\/unnamed-14-2-1024x683.jpg 1024w, https:\/\/sgvaimudar.com.br\/wp-content\/uploads\/2024\/05\/unnamed-14-2-300x200.jpg 300w, https:\/\/sgvaimudar.com.br\/wp-content\/uploads\/2024\/05\/unnamed-14-2-768x512.jpg 768w, https:\/\/sgvaimudar.com.br\/wp-content\/uploads\/2024\/05\/unnamed-14-2-1536x1024.jpg 1536w, https:\/\/sgvaimudar.com.br\/wp-content\/uploads\/2024\/05\/unnamed-14-2.jpg 1620w\" sizes=\"(max-width: 1024px) 100vw, 1024px\" \/><\/figure>\n\n\n\n<p class=\"has-text-align-left\">A Irm\u00e3 Dulce foi a 14\u00aa unidade de sa\u00fade revitalizada pelo governo do prefeito do Capit\u00e3o Nelson. A unidade conta com sala de curativo, vacina, consult\u00f3rios cl\u00ednico, dent\u00e1rio e ginecol\u00f3gico, salas de coleta de exames laboratoriais e administrativa, al\u00e9m de ampla recep\u00e7\u00e3o e copa para os funcion\u00e1rios. A acessibilidade est\u00e1 presente em toda a unidade, que recebeu rampa de acesso, barras, piso t\u00e1til e sanit\u00e1rios adaptados com campainha.&nbsp;&nbsp;&nbsp;&nbsp;<\/p>\n\n\n\n<p class=\"has-text-align-left\">&nbsp;&nbsp;&nbsp;&nbsp;Com capacidade para atender 16 mil usu\u00e1rios, a USF oferece atendimento mais humanizado desde a reinaugura\u00e7\u00e3o. E a diferen\u00e7a \u00e9 confirmada pelos pacientes. Atendido no posto h\u00e1 mais de seis anos, o aposentado Isa\u00edas Ferreira, de 58 anos, foi ao atendimento com a dentista e fez elogios. \u201cA climatiza\u00e7\u00e3o est\u00e1 muito boa, principalmente quando o tempo est\u00e1 muito quente. Tudo melhorou bastante. Os exames e consultas est\u00e3o mais dispon\u00edveis que antes. Est\u00e1 tudo nota 10, muito melhor, tanto os atendimentos quanto a oferta de servi\u00e7os. A dentista \u00e9 espetacular\u201d, opinou.&nbsp;&nbsp;<\/p>\n\n\n\n<p class=\"has-text-align-left\">&nbsp;&nbsp;&nbsp;&nbsp;O posto de sa\u00fade conta com equipe multidisciplinar do E-mult (nutricionista, fisioterapeuta, assistente social e psic\u00f3logo), m\u00e9dicos generalistas, dentistas, enfermeiros, t\u00e9cnicos de enfermagem e agentes comunit\u00e1rios. Os programas da Aten\u00e7\u00e3o B\u00e1sica tamb\u00e9m est\u00e3o dispon\u00edveis, al\u00e9m de servi\u00e7os como coleta de sangue, vacina\u00e7\u00e3o, preventivo, medi\u00e7\u00e3o de press\u00e3o arterial, pr\u00e9-natal e curativos.&nbsp;&nbsp;<\/p>\n\n\n\n<p class=\"has-text-align-left\">&nbsp;&nbsp;&nbsp;&nbsp;&nbsp;A aposentada Solange Barbosa da Silva Garcia, 66, aguardava a vez para se consultar com a m\u00e9dica. \u201cEu n\u00e3o gosto muito de procurar m\u00e9dico. Venho mesmo porque preciso da receita de rem\u00e9dio controlado. Mas n\u00e3o h\u00e1 como negar que a unidade est\u00e1 bem melhor. A mudan\u00e7a foi radical. Est\u00e1 tudo bonito e com ar-condicionado, o atendimento melhorou muito. Meu marido tamb\u00e9m vem e fala muito da mudan\u00e7a\u201d, contou Solange.&nbsp;<\/p>\n\n\n\n<p class=\"has-text-align-left\">&nbsp;&nbsp;&nbsp;&nbsp;Todos os novos postos de sa\u00fade est\u00e3o padronizados e adequados conforme as normas da Anvisa: a RDC 50, que diz respeito aos ambientes; e a NBR 9050, sobre acessibilidade. O Irm\u00e3 Dulce tamb\u00e9m recebeu pisos novos, pintura, adequa\u00e7\u00e3o dos espa\u00e7os e revitaliza\u00e7\u00e3o da fachada.&nbsp;<\/p>\n\n\n\n<p class=\"has-text-align-left\">&nbsp;&nbsp;&nbsp;&nbsp;&nbsp;O secret\u00e1rio de Sa\u00fade e Defesa Civil, Dr. Gleison Rocha, acredita que o mais importante de tudo \u00e9 dar mais dignidade e tratamento humanizado para a popula\u00e7\u00e3o e servidores. \u201cA gente sempre pede aos funcion\u00e1rios que cuidem com amor e carinho dos pacientes. E estamos dando meios para isso. Eles tamb\u00e9m s\u00e3o beneficiados com bons ambientes e materiais necess\u00e1rios para o desenvolvimento do trabalho. O ar-condicionado n\u00e3o \u00e9 luxo. \u00c9 necessidade e faz parte da humaniza\u00e7\u00e3o\u201d, explicou o secret\u00e1rio.&nbsp;&nbsp;<\/p>\n","protected":false},"excerpt":{"rendered":"<p>Unidade de sa\u00fade passou por obras de revitaliza\u00e7\u00e3o&nbsp; A Unidade de Sa\u00fade da Fam\u00edlia (USF) Irm\u00e3 Dulce, na Trindade, foi&hellip;<\/p>\n","protected":false},"author":5,"featured_media":5980,"comment_status":"open","ping_status":"open","sticky":false,"template":"","format":"standard","meta":{"fifu_image_url":"","fifu_image_alt":"","footnotes":""},"categories":[7],"tags":[],"class_list":["post-5978","post","type-post","status-publish","format-standard","has-post-thumbnail","hentry","category-saude"],"_links":{"self":[{"href":"https:\/\/sgvaimudar.com.br\/index.php\/wp-json\/wp\/v2\/posts\/5978","targetHints":{"allow":["GET"]}}],"collection":[{"href":"https:\/\/sgvaimudar.com.br\/index.php\/wp-json\/wp\/v2\/posts"}],"about":[{"href":"https:\/\/sgvaimudar.com.br\/index.php\/wp-json\/wp\/v2\/types\/post"}],"author":[{"embeddable":true,"href":"https:\/\/sgvaimudar.com.br\/index.php\/wp-json\/wp\/v2\/users\/5"}],"replies":[{"embeddable":true,"href":"https:\/\/sgvaimudar.com.br\/index.php\/wp-json\/wp\/v2\/comments?post=5978"}],"version-history":[{"count":2,"href":"https:\/\/sgvaimudar.com.br\/index.php\/wp-json\/wp\/v2\/posts\/5978\/revisions"}],"predecessor-version":[{"id":5988,"href":"https:\/\/sgvaimudar.com.br\/index.php\/wp-json\/wp\/v2\/posts\/5978\/revisions\/5988"}],"wp:featuredmedia":[{"embeddable":true,"href":"https:\/\/sgvaimudar.com.br\/index.php\/wp-json\/wp\/v2\/media\/5980"}],"wp:attachment":[{"href":"https:\/\/sgvaimudar.com.br\/index.php\/wp-json\/wp\/v2\/media?parent=5978"}],"wp:term":[{"taxonomy":"category","embeddable":true,"href":"https:\/\/sgvaimudar.com.br\/index.php\/wp-json\/wp\/v2\/categories?post=5978"},{"taxonomy":"post_tag","embeddable":true,"href":"https:\/\/sgvaimudar.com.br\/index.php\/wp-json\/wp\/v2\/tags?post=5978"}],"curies":[{"name":"wp","href":"https:\/\/api.w.org\/{rel}","templated":true}]}}