{"id":5925,"date":"2024-05-11T12:00:00","date_gmt":"2024-05-11T15:00:00","guid":{"rendered":"https:\/\/sgvaimudar.com.br\/?p=5925"},"modified":"2024-05-11T10:38:33","modified_gmt":"2024-05-11T13:38:33","slug":"sao-goncalo-em-movimento-democratiza-pratica-do-bale","status":"publish","type":"post","link":"https:\/\/sgvaimudar.com.br\/index.php\/2024\/05\/11\/sao-goncalo-em-movimento-democratiza-pratica-do-bale\/","title":{"rendered":"S\u00e3o Gon\u00e7alo em Movimento democratiza pr\u00e1tica do bal\u00e9"},"content":{"rendered":"\n<p><em>A atividade \u00e9 oferecida de forma gratuita em quatro locais da cidade e est\u00e3o com inscri\u00e7\u00f5es abertas<\/em><\/p>\n\n\n\n<p>A Funda\u00e7\u00e3o de Artes, Esporte e Lazer (Faelsg) da Prefeitura de S\u00e3o Gon\u00e7alo, no Dia Internacional da Dan\u00e7a (29\/4), destacou a import\u00e2ncia da pr\u00e1tica do bal\u00e9 como uma atividade completa que trabalha a sa\u00fade f\u00edsica e mental, ajudando, especialmente, no desenvolvimento infantil. <\/p>\n\n\n\n<figure class=\"wp-block-image size-full\"><img fetchpriority=\"high\" decoding=\"async\" width=\"1024\" height=\"657\" src=\"https:\/\/sgvaimudar.com.br\/wp-content\/uploads\/2024\/05\/unnamed-25.jpg\" alt=\"\" class=\"wp-image-5926\" srcset=\"https:\/\/sgvaimudar.com.br\/wp-content\/uploads\/2024\/05\/unnamed-25.jpg 1024w, https:\/\/sgvaimudar.com.br\/wp-content\/uploads\/2024\/05\/unnamed-25-300x192.jpg 300w, https:\/\/sgvaimudar.com.br\/wp-content\/uploads\/2024\/05\/unnamed-25-768x493.jpg 768w\" sizes=\"(max-width: 1024px) 100vw, 1024px\" \/><\/figure>\n\n\n\n<p>Pelo projeto, as aulas s\u00e3o oferecidas para turmas baby class, infantil e juvenil, de 3 a 16 anos, sendo desenvolvidas t\u00e9cnicas de acordo com cada faixa et\u00e1ria, respeitando os limites f\u00edsicos e a individualidade de cada aluno.<\/p>\n\n\n\n<p>Entre os diversos benef\u00edcios da dan\u00e7a est\u00e3o disciplina, postura, no\u00e7\u00e3o de espa\u00e7o, equil\u00edbrio, condicionamento f\u00edsico, autoestima e o fortalecimento do conv\u00edvio social. Durante as aulas s\u00e3o ensinadas t\u00e9cnicas de alongamento, da dan\u00e7a, al\u00e9m da terminologia completa do bal\u00e9.&nbsp;<\/p>\n\n\n\n<p>\u201cS\u00e3o in\u00fameros os benef\u00edcios do bal\u00e9. As m\u00e3es costumam pontuar muito a quest\u00e3o da melhora no conv\u00edvio social e na disciplina, que acaba influenciando positivamente no comportamento na escola tamb\u00e9m. Dentro do nosso tempo, \u00e9 uma aula completa composta por t\u00e9cnicas do bal\u00e9 e os termos utilizados, al\u00e9m de avalia\u00e7\u00f5es escritas, a partir dos 7 anos, quando ensino os termos em franc\u00eas do bal\u00e9\u201d, afirmou a professora do n\u00facleo do Porto do Rosa, Thais Machado, que come\u00e7ou a praticar bal\u00e9 aos 3 anos.&nbsp;<\/p>\n\n\n\n<p>A moradora do Porto do Rosa, Bruna Pereira, matriculou sua filha Brenda, de 5 anos, nas aulas de bal\u00e9 do n\u00facleo do projeto no bairro h\u00e1 um ano e desde ent\u00e3o vem percebendo melhorias na disciplina e desenvolvimento f\u00edsico da pequena.&nbsp;<\/p>\n\n\n\n<p>\u201cSempre tive o sonho de colocar minha filha no bal\u00e9 porque acho uma atividade muito bonita, mas nunca tive condi\u00e7\u00f5es financeiras de pagar pelas aulas. Quando fiquei sabendo que o S\u00e3o Gon\u00e7alo em Movimento oferecia aulas gratuitas de bal\u00e9, corri para fazer a inscri\u00e7\u00e3o dela e desde ent\u00e3o tem sido maravilhoso, minha filha ama\u201d, disse Bruna.&nbsp;<\/p>\n\n\n\n<p>Pelo S\u00e3o Gon\u00e7alo em Movimento, o bal\u00e9 \u00e9 oferecido em quatro n\u00facleos:&nbsp;<\/p>\n\n\n\n<p>. Rua Capit\u00e3o Geraldo Berti, 18, Maria Paula<\/p>\n\n\n\n<p>Segunda, quarta e sexta, de 8h30 \u00e0s 9h30 e 9h30 \u00e0s 10h50<\/p>\n\n\n\n<p>. Estrada da Concei\u00e7\u00e3o, 1111, Porto do Rosa<\/p>\n\n\n\n<p>Ter\u00e7a e quinta, das 7h \u00e0s 8h, de 16h15 \u00e0s 17h, de 17h \u00e0s 18h, de 18h \u00e0s 19h<\/p>\n\n\n\n<p>. Rua General Dalton Filho, 120, Sacramento&nbsp;<\/p>\n\n\n\n<p>Segunda e quarta, de 17h \u00e0s 17h45 e de 17h45 \u00e0s 18h30<\/p>\n\n\n\n<p>. Rua Leoncio Correia, 2341, Salgueiro&nbsp;<\/p>\n\n\n\n<p>Segunda e quarta, de 7h30 \u00e0s 8h30, de 8h30 \u00e0s 9h30, de 9h30 \u00e0s 10h30, de 13h30 \u00e0s 14h30 e de 15h \u00e0s 16h<\/p>\n\n\n\n<p><em>Fotos: Luiz Carvalho<\/em><\/p>\n","protected":false},"excerpt":{"rendered":"<p>A atividade \u00e9 oferecida de forma gratuita em quatro locais da cidade e est\u00e3o com inscri\u00e7\u00f5es abertas A Funda\u00e7\u00e3o de&hellip;<\/p>\n","protected":false},"author":5,"featured_media":5927,"comment_status":"open","ping_status":"open","sticky":false,"template":"","format":"standard","meta":{"fifu_image_url":"","fifu_image_alt":"","footnotes":""},"categories":[6],"tags":[],"class_list":["post-5925","post","type-post","status-publish","format-standard","has-post-thumbnail","hentry","category-entretenimento"],"_links":{"self":[{"href":"https:\/\/sgvaimudar.com.br\/index.php\/wp-json\/wp\/v2\/posts\/5925","targetHints":{"allow":["GET"]}}],"collection":[{"href":"https:\/\/sgvaimudar.com.br\/index.php\/wp-json\/wp\/v2\/posts"}],"about":[{"href":"https:\/\/sgvaimudar.com.br\/index.php\/wp-json\/wp\/v2\/types\/post"}],"author":[{"embeddable":true,"href":"https:\/\/sgvaimudar.com.br\/index.php\/wp-json\/wp\/v2\/users\/5"}],"replies":[{"embeddable":true,"href":"https:\/\/sgvaimudar.com.br\/index.php\/wp-json\/wp\/v2\/comments?post=5925"}],"version-history":[{"count":1,"href":"https:\/\/sgvaimudar.com.br\/index.php\/wp-json\/wp\/v2\/posts\/5925\/revisions"}],"predecessor-version":[{"id":5928,"href":"https:\/\/sgvaimudar.com.br\/index.php\/wp-json\/wp\/v2\/posts\/5925\/revisions\/5928"}],"wp:featuredmedia":[{"embeddable":true,"href":"https:\/\/sgvaimudar.com.br\/index.php\/wp-json\/wp\/v2\/media\/5927"}],"wp:attachment":[{"href":"https:\/\/sgvaimudar.com.br\/index.php\/wp-json\/wp\/v2\/media?parent=5925"}],"wp:term":[{"taxonomy":"category","embeddable":true,"href":"https:\/\/sgvaimudar.com.br\/index.php\/wp-json\/wp\/v2\/categories?post=5925"},{"taxonomy":"post_tag","embeddable":true,"href":"https:\/\/sgvaimudar.com.br\/index.php\/wp-json\/wp\/v2\/tags?post=5925"}],"curies":[{"name":"wp","href":"https:\/\/api.w.org\/{rel}","templated":true}]}}