{"id":5863,"date":"2024-05-10T16:00:00","date_gmt":"2024-05-10T19:00:00","guid":{"rendered":"https:\/\/sgvaimudar.com.br\/?p=5863"},"modified":"2024-05-09T19:07:38","modified_gmt":"2024-05-09T22:07:38","slug":"defesa-civil-de-sao-goncalo-vai-integrar-alerta-metropolitano","status":"publish","type":"post","link":"https:\/\/sgvaimudar.com.br\/index.php\/2024\/05\/10\/defesa-civil-de-sao-goncalo-vai-integrar-alerta-metropolitano\/","title":{"rendered":"Defesa Civil de S\u00e3o Gon\u00e7alo vai integrar Alerta Metropolitano"},"content":{"rendered":"\n<p><em>Novo sistema de monitoramento do governo estadual re\u00fane 22 munic\u00edpios<\/em><\/p>\n\n\n\n<p>A Defesa Civil de S\u00e3o Gon\u00e7alo recebeu recentemente membros do Instituto Rio Metr\u00f3pole, do Governo do Estado do Rio. S\u00e3o Gon\u00e7alo est\u00e1 entre os 22 munic\u00edpios que recebe a visita do grupo e o munic\u00edpio ser\u00e1 um dos que far\u00e1 parte do Alerta Metropolitano, um sistema de monitoramento de desastres naturais que ser\u00e1 implementado na Regi\u00e3o Metropolitana do Rio.<\/p>\n\n\n\n<figure class=\"wp-block-image size-large\"><img fetchpriority=\"high\" decoding=\"async\" width=\"1024\" height=\"768\" src=\"https:\/\/sgvaimudar.com.br\/wp-content\/uploads\/2024\/05\/unnamed-3-4-1024x768.jpg\" alt=\"\" class=\"wp-image-5864\" srcset=\"https:\/\/sgvaimudar.com.br\/wp-content\/uploads\/2024\/05\/unnamed-3-4-1024x768.jpg 1024w, https:\/\/sgvaimudar.com.br\/wp-content\/uploads\/2024\/05\/unnamed-3-4-300x225.jpg 300w, https:\/\/sgvaimudar.com.br\/wp-content\/uploads\/2024\/05\/unnamed-3-4-768x576.jpg 768w, https:\/\/sgvaimudar.com.br\/wp-content\/uploads\/2024\/05\/unnamed-3-4-1536x1152.jpg 1536w, https:\/\/sgvaimudar.com.br\/wp-content\/uploads\/2024\/05\/unnamed-3-4-2048x1536.jpg 2048w\" sizes=\"(max-width: 1024px) 100vw, 1024px\" \/><\/figure>\n\n\n\n<p>O objetivo desse primeiro encontro foi um bate-papo no qual o Instituto buscou conhecer mais sobre os equipamentos e a atua\u00e7\u00e3o da Defesa Civil do munic\u00edpio e esta, por sua vez, p\u00f4de conhecer mais sobre o Alerta Metropolitano.<\/p>\n\n\n\n<p>Com o novo projeto, que ainda n\u00e3o possui data para ser implementado, diversas plataformas de monitoramento, como o Instituto Estadual do Ambiente (Inea) e Instituto Nacional de Meteorologia, ser\u00e3o integradas e atuar\u00e3o juntas. Al\u00e9m disso, o novo sistema ir\u00e1 operar modelos nacionais e internacionais. Com o novo projeto, o monitoramento ser\u00e1 refor\u00e7ado, assim como a rede de sensores em toda a Regi\u00e3o Metropolitana.<\/p>\n\n\n\n<p>Os principais benef\u00edcios esperados do projeto s\u00e3o detectar de forma integrada e precocemente a ocorr\u00eancia de desastres naturais e aumentar a \u00e1rea de cobertura de rede de sensores. Assim, os \u00f3rg\u00e3os governamentais poder\u00e3o planejar e implementar medidas de gest\u00e3o de risco de forma mais eficaz. Os dados coletados tamb\u00e9m poder\u00e3o ajudar no planejamento urbano e no desenvolvimento de pol\u00edticas para tornar as cidades mais resilientes a desastres naturais.<\/p>\n\n\n\n<p>Participaram da reuni\u00e3o o major Felipe Assun\u00e7\u00e3o, subsecret\u00e1rio de Defesa Civil (junto com o ge\u00f3logo da pasta e dois membros do Setor de Redu\u00e7\u00e3o de Risco de Desastre); o coordenador da Diretoria de Desenvolvimento Metropolitano Integrado do Instituto Rio Metr\u00f3pole, Adriano Lira; e a coordenadora do projeto Alerta Metropolitano, Clara Schreimer.<\/p>\n\n\n\n<p>&#8220;Os membros do Instituto Rio Metr\u00f3pole buscam fazer uma visita t\u00e9cnica em cada munic\u00edpio para trabalhar essa vis\u00e3o de Regi\u00e3o Metropolitana. Com isso, eles pretendem criar uma plataforma de trabalho no qual cada munic\u00edpio ter\u00e1 acesso e poder\u00e1 utilizar na sua esfera de Defesa Civil, de preven\u00e7\u00e3o de riscos de desastres. A visita hoje foi muito positiva, pois conseguimos entender os objetivos e metas do Instituto Rio Metr\u00f3pole e contribuir com as informa\u00e7\u00f5es que eles precisavam para o projeto, fazendo apontamentos da estrutura que j\u00e1 temos consolidada em S\u00e3o Gon\u00e7alo&#8221;, afirmou o major Felipe.<\/p>\n\n\n\n<p>O subsecret\u00e1rio de Defesa Civil destacou, ainda, que cada ponto de mapeamento e estrat\u00e9gia de redu\u00e7\u00e3o de risco ocasionam um atendimento melhor ao mun\u00edcipe e faz com que a possibilidade de perda de vidas cada vez mais se reduza.<\/p>\n\n\n\n<p>Novas reuni\u00f5es tamb\u00e9m ser\u00e3o feitas entre o munic\u00edpio e os membros do Instituto Rio Metr\u00f3pole para trocas de informa\u00e7\u00f5es.<\/p>\n","protected":false},"excerpt":{"rendered":"<p>Novo sistema de monitoramento do governo estadual re\u00fane 22 munic\u00edpios A Defesa Civil de S\u00e3o Gon\u00e7alo recebeu recentemente membros do&hellip;<\/p>\n","protected":false},"author":5,"featured_media":5866,"comment_status":"open","ping_status":"open","sticky":false,"template":"","format":"standard","meta":{"fifu_image_url":"","fifu_image_alt":"","footnotes":""},"categories":[3],"tags":[],"class_list":["post-5863","post","type-post","status-publish","format-standard","has-post-thumbnail","hentry","category-sao-goncalo"],"_links":{"self":[{"href":"https:\/\/sgvaimudar.com.br\/index.php\/wp-json\/wp\/v2\/posts\/5863","targetHints":{"allow":["GET"]}}],"collection":[{"href":"https:\/\/sgvaimudar.com.br\/index.php\/wp-json\/wp\/v2\/posts"}],"about":[{"href":"https:\/\/sgvaimudar.com.br\/index.php\/wp-json\/wp\/v2\/types\/post"}],"author":[{"embeddable":true,"href":"https:\/\/sgvaimudar.com.br\/index.php\/wp-json\/wp\/v2\/users\/5"}],"replies":[{"embeddable":true,"href":"https:\/\/sgvaimudar.com.br\/index.php\/wp-json\/wp\/v2\/comments?post=5863"}],"version-history":[{"count":1,"href":"https:\/\/sgvaimudar.com.br\/index.php\/wp-json\/wp\/v2\/posts\/5863\/revisions"}],"predecessor-version":[{"id":5865,"href":"https:\/\/sgvaimudar.com.br\/index.php\/wp-json\/wp\/v2\/posts\/5863\/revisions\/5865"}],"wp:featuredmedia":[{"embeddable":true,"href":"https:\/\/sgvaimudar.com.br\/index.php\/wp-json\/wp\/v2\/media\/5866"}],"wp:attachment":[{"href":"https:\/\/sgvaimudar.com.br\/index.php\/wp-json\/wp\/v2\/media?parent=5863"}],"wp:term":[{"taxonomy":"category","embeddable":true,"href":"https:\/\/sgvaimudar.com.br\/index.php\/wp-json\/wp\/v2\/categories?post=5863"},{"taxonomy":"post_tag","embeddable":true,"href":"https:\/\/sgvaimudar.com.br\/index.php\/wp-json\/wp\/v2\/tags?post=5863"}],"curies":[{"name":"wp","href":"https:\/\/api.w.org\/{rel}","templated":true}]}}