{"id":5827,"date":"2024-05-09T16:00:00","date_gmt":"2024-05-09T19:00:00","guid":{"rendered":"https:\/\/sgvaimudar.com.br\/?p=5827"},"modified":"2024-05-09T17:59:32","modified_gmt":"2024-05-09T20:59:32","slug":"projeto-saude-e-educacao-auxilia-funcionarios-de-empresa-de-onibus","status":"publish","type":"post","link":"https:\/\/sgvaimudar.com.br\/index.php\/2024\/05\/09\/projeto-saude-e-educacao-auxilia-funcionarios-de-empresa-de-onibus\/","title":{"rendered":"Projeto Sa\u00fade e Educa\u00e7\u00e3o auxilia funcion\u00e1rios de empresa de \u00f4nibus\u00a0"},"content":{"rendered":"\n<p><em>A\u00e7\u00e3o de conscientiza\u00e7\u00e3o integra o Maio Amarelo<\/em><\/p>\n\n\n\n<p>O Departamento de Educa\u00e7\u00e3o para o Tr\u00e2nsito da Secretaria de Transportes da Prefeitura de S\u00e3o Gon\u00e7alo realizou, nesta quarta-feira (8), mais uma edi\u00e7\u00e3o do Projeto Sa\u00fade e Educa\u00e7\u00e3o\/ Preven\u00e7\u00e3o de Acidentes, que contou com a parceria da Secretaria de Sa\u00fade e do Sest Senat de S\u00e3o Gon\u00e7alo. <\/p>\n\n\n\n<figure class=\"wp-block-image size-full\"><img fetchpriority=\"high\" decoding=\"async\" width=\"1024\" height=\"683\" src=\"https:\/\/sgvaimudar.com.br\/wp-content\/uploads\/2024\/05\/unnamed-9-2.jpg\" alt=\"\" class=\"wp-image-5828\" srcset=\"https:\/\/sgvaimudar.com.br\/wp-content\/uploads\/2024\/05\/unnamed-9-2.jpg 1024w, https:\/\/sgvaimudar.com.br\/wp-content\/uploads\/2024\/05\/unnamed-9-2-300x200.jpg 300w, https:\/\/sgvaimudar.com.br\/wp-content\/uploads\/2024\/05\/unnamed-9-2-768x512.jpg 768w\" sizes=\"(max-width: 1024px) 100vw, 1024px\" \/><\/figure>\n\n\n\n<p>Dessa vez, a a\u00e7\u00e3o ocorreu na garagem da via\u00e7\u00e3o Mau\u00e1, localizada no Boa\u00e7u. Essa \u00e9 uma das a\u00e7\u00f5es desenvolvidas no Maio Amarelo, que busca chamar a aten\u00e7\u00e3o para o alto \u00edndice de acidentes de tr\u00e2nsito, com mortos e feridos.<\/p>\n\n\n\n<p>O objetivo da a\u00e7\u00e3o \u00e9 prevenir acidentes de tr\u00e2nsito, investindo em campanhas de promo\u00e7\u00e3o e incentivando atitudes preventivas, como evitar de beber e dirigir, debatendo tamb\u00e9m sobre a Lei Seca. A campanha nacional do Maio Amarelo deste ano \u00e9 &#8216;A Paz no Tr\u00e2nsito Come\u00e7a Por Voc\u00ea&#8217;.<\/p>\n\n\n\n<p>Al\u00e9m disso, o projeto estimula o autocuidado e a conscientiza\u00e7\u00e3o. No local, profissionais de sa\u00fade realizaram exames de AIDS e s\u00edfilis, aferi\u00e7\u00e3o de press\u00e3o, vacina\u00e7\u00e3o contra a gripe, al\u00e9m de debates sobre a sa\u00fade do homem, da mulher (com profissionais do Espa\u00e7o Rosa) e dos idosos. O Sest Senat tamb\u00e9m estava divulgando cursos gratuitos para a empresa, como motoristas de \u00f4nibus, condutor de emerg\u00eancia, de produtos perigosos e escolar, e servi\u00e7os, como odontologia e fisioterapia.<\/p>\n\n\n\n<p>Para o secret\u00e1rio municipal de Transportes, F\u00e1bio Lemos, o projeto mostra aos motoristas das empresas como \u00e9 importante cuidar de sua sa\u00fade.<\/p>\n\n\n\n<p>&#8220;Esta \u00e9 a primeira vez que o projeto foi feito neste ano. Estamos iniciando aqui a campanha do Maio Amarelo: &#8216;A Paz no Tr\u00e2nsito Come\u00e7a Por Voc\u00ea&#8217;. Vamos fazer outras a\u00e7\u00f5es no m\u00eas desse tipo. Temos como objetivo mostrar para os motoristas como \u00e9 importante se cuidarem, principalmente porque eles est\u00e3o no tr\u00e2nsito constantemente. Caso passem mal ao dirigir, os motoristas sofrem com as consequ\u00eancias e colocam em risco tamb\u00e9m os passageiros. Ent\u00e3o, \u00e9 importante relembr\u00e1-los como \u00e9 importante manter a sa\u00fade em dia&#8221;, afirmou Lemos.<\/p>\n\n\n\n<p>Os funcion\u00e1rios da Via\u00e7\u00e3o Mau\u00e1 aprovaram o projeto e puderam aproveitar as atividades desenvolvidas na a\u00e7\u00e3o para entender melhor os perigos do tr\u00e2nsito. Em uma das atividades, as pessoas precisavam desviar dos cones de tr\u00e2nsito usando um simulador de embriaguez para imitar como \u00e9 a vis\u00e3o das pessoas que bebem e dirigem.<\/p>\n\n\n\n<p>Um dos que brincou e gostou do equipamento foi Lu\u00eds Celso Pacheco da Silva, de 50 anos. Ele trabalha h\u00e1 14 anos na empresa e ocupa a posi\u00e7\u00e3o atual de l\u00edder operacional. &#8220;Para mim, \u00e9 \u00f3timo! Fui orientado sobre temas de sa\u00fade, tomei a vacina da gripe, que eu j\u00e1 estava planejando ir no posto para tomar, e vou levar para a minha fam\u00edlia todos os conhecimentos que aprendi. O evento foi \u00f3timo e espero que ocorra mais vezes&#8221;, disse ele, que mora no Porto do Rosa.<\/p>\n\n\n\n<p>Alex Reis, de 50 anos, trabalha h\u00e1 15 anos na empresa e atualmente \u00e9 auxiliar de tr\u00e1fego. Ele tamb\u00e9m gostou das atividades desenvolvidas na a\u00e7\u00e3o. &#8220;Eu tomei a vacina da gripe, fiz testes de sa\u00fade e soube mais sobre alguns pontos da sa\u00fade do homem e da mulher, vou levar para a minha fam\u00edlia. A\u00e7\u00f5es como essa s\u00e3o importantes e nos proporcionam um bem estar e um cuidado maior com a nossa sa\u00fade&#8221;, disse o morador do Engenho Pequeno.<\/p>\n\n\n\n<p>Ainda neste m\u00eas, mais duas a\u00e7\u00f5es ir\u00e3o ocorrer em S\u00e3o Gon\u00e7alo. Uma na pr\u00f3xima ter\u00e7a-feira (14), na garagem da Via\u00e7\u00e3o Rio Ita, e outra no dia 16 de maio, na Via\u00e7\u00e3o Fagundes. Durante todo o m\u00eas, ser\u00e3o desenvolvidas atividades do Maio Amarelo.<\/p>\n\n\n\n<p><em>Fotos: Fabio Guimar\u00e3es<\/em><\/p>\n","protected":false},"excerpt":{"rendered":"<p>A\u00e7\u00e3o de conscientiza\u00e7\u00e3o integra o Maio Amarelo O Departamento de Educa\u00e7\u00e3o para o Tr\u00e2nsito da Secretaria de Transportes da Prefeitura&hellip;<\/p>\n","protected":false},"author":5,"featured_media":5838,"comment_status":"open","ping_status":"open","sticky":false,"template":"","format":"standard","meta":{"fifu_image_url":"","fifu_image_alt":"","footnotes":""},"categories":[3],"tags":[],"class_list":["post-5827","post","type-post","status-publish","format-standard","has-post-thumbnail","hentry","category-sao-goncalo"],"_links":{"self":[{"href":"https:\/\/sgvaimudar.com.br\/index.php\/wp-json\/wp\/v2\/posts\/5827","targetHints":{"allow":["GET"]}}],"collection":[{"href":"https:\/\/sgvaimudar.com.br\/index.php\/wp-json\/wp\/v2\/posts"}],"about":[{"href":"https:\/\/sgvaimudar.com.br\/index.php\/wp-json\/wp\/v2\/types\/post"}],"author":[{"embeddable":true,"href":"https:\/\/sgvaimudar.com.br\/index.php\/wp-json\/wp\/v2\/users\/5"}],"replies":[{"embeddable":true,"href":"https:\/\/sgvaimudar.com.br\/index.php\/wp-json\/wp\/v2\/comments?post=5827"}],"version-history":[{"count":1,"href":"https:\/\/sgvaimudar.com.br\/index.php\/wp-json\/wp\/v2\/posts\/5827\/revisions"}],"predecessor-version":[{"id":5829,"href":"https:\/\/sgvaimudar.com.br\/index.php\/wp-json\/wp\/v2\/posts\/5827\/revisions\/5829"}],"wp:featuredmedia":[{"embeddable":true,"href":"https:\/\/sgvaimudar.com.br\/index.php\/wp-json\/wp\/v2\/media\/5838"}],"wp:attachment":[{"href":"https:\/\/sgvaimudar.com.br\/index.php\/wp-json\/wp\/v2\/media?parent=5827"}],"wp:term":[{"taxonomy":"category","embeddable":true,"href":"https:\/\/sgvaimudar.com.br\/index.php\/wp-json\/wp\/v2\/categories?post=5827"},{"taxonomy":"post_tag","embeddable":true,"href":"https:\/\/sgvaimudar.com.br\/index.php\/wp-json\/wp\/v2\/tags?post=5827"}],"curies":[{"name":"wp","href":"https:\/\/api.w.org\/{rel}","templated":true}]}}