{"id":5824,"date":"2024-05-09T14:00:00","date_gmt":"2024-05-09T17:00:00","guid":{"rendered":"https:\/\/sgvaimudar.com.br\/?p=5824"},"modified":"2024-05-09T17:58:29","modified_gmt":"2024-05-09T20:58:29","slug":"palestra-traz-orientacoes-para-quem-deseja-empreender","status":"publish","type":"post","link":"https:\/\/sgvaimudar.com.br\/index.php\/2024\/05\/09\/palestra-traz-orientacoes-para-quem-deseja-empreender\/","title":{"rendered":"Palestra traz orienta\u00e7\u00f5es para quem deseja empreender"},"content":{"rendered":"\n<p><em>Desenvolvimento Econ\u00f4mico e Sebrae realizam evento no Partage Shopping<\/em><\/p>\n\n\n\n<p>A Secretaria de Desenvolvimento Econ\u00f4mico, em parceria com o Sebrae, vai realizar uma palestra especial para quem deseja empreender e para quem j\u00e1 empreende como microempreendedor individual, com a palestra \u2018Como se tornar MEI\u2019, que ser\u00e1 realizada no dia 25, \u00e0s 13h, no Espa\u00e7o Mais Conhecimento do Partage Shopping. As inscri\u00e7\u00f5es j\u00e1 est\u00e3o abertas.<\/p>\n\n\n\n<figure class=\"wp-block-image size-full\"><img fetchpriority=\"high\" decoding=\"async\" width=\"1024\" height=\"683\" src=\"https:\/\/sgvaimudar.com.br\/wp-content\/uploads\/2024\/05\/Lidera-Mulher-Shopping-Partage-23-08-2023-Fotos-Fabio-Guimaraes-12.jpg\" alt=\"\" class=\"wp-image-5825\" srcset=\"https:\/\/sgvaimudar.com.br\/wp-content\/uploads\/2024\/05\/Lidera-Mulher-Shopping-Partage-23-08-2023-Fotos-Fabio-Guimaraes-12.jpg 1024w, https:\/\/sgvaimudar.com.br\/wp-content\/uploads\/2024\/05\/Lidera-Mulher-Shopping-Partage-23-08-2023-Fotos-Fabio-Guimaraes-12-300x200.jpg 300w, https:\/\/sgvaimudar.com.br\/wp-content\/uploads\/2024\/05\/Lidera-Mulher-Shopping-Partage-23-08-2023-Fotos-Fabio-Guimaraes-12-768x512.jpg 768w\" sizes=\"(max-width: 1024px) 100vw, 1024px\" \/><\/figure>\n\n\n\n<p>Foto: Arquivo<\/p>\n\n\n\n<p>Quem for ao evento vai receber orienta\u00e7\u00f5es para se formalizar como um MEI (Microempreendedor Individual). A palestra \u00e9 destinada a quem quer come\u00e7ar um neg\u00f3cio ou j\u00e1 trabalha por conta pr\u00f3pria, com faturamento de at\u00e9 R$ 81 mil por ano.<\/p>\n\n\n\n<p>Detalhar as vantagens de ser MEI e, ainda, verificar as atividades econ\u00f4micas dispon\u00edveis para registrar o neg\u00f3cio como MEI s\u00e3o algumas das orienta\u00e7\u00f5es realizadas durante a palestra. Os participantes poder\u00e3o saber mais a respeito dos impostos, da contrata\u00e7\u00e3o de empregados e, at\u00e9 mesmo, da presta\u00e7\u00e3o de servi\u00e7os com cess\u00e3o de m\u00e3o de obra.<\/p>\n\n\n\n<p>Os participantes ser\u00e3o sensibilizados sobre os benef\u00edcios advindos da figura do Microempreendedor Individual como mecanismo de formaliza\u00e7\u00e3o e fomento ao empreendedorismo, inclusive em rela\u00e7\u00e3o a produtos e servi\u00e7os desenvolvidos especificamente para esse p\u00fablico.<\/p>\n\n\n\n<p>Temas que ser\u00e3o abordados : Legisla\u00e7\u00e3o para o MEI; Direitos e obriga\u00e7\u00f5es da formaliza\u00e7\u00e3o; Passo a passo para manter-se em dia com as obriga\u00e7\u00f5es; Dicas iniciais de como aprimorar sua gest\u00e3o como MEI.<\/p>\n\n\n\n<p><strong>Servi\u00e7o<\/strong><\/p>\n\n\n\n<p><strong>Palestra como se tornar MEI<\/strong><\/p>\n\n\n\n<p>Data: 21\/05 \u00e0s 13h<\/p>\n\n\n\n<p>Palestrante: Orientador de Neg\u00f3cios SEBRAE<\/p>\n\n\n\n<p>Local: PARTAGE SHOPPING &#8211; Espa\u00e7o + Conhecimento &#8211; Av. Pres. Kennedy, 425 &#8211; Centro, S\u00e3o Gon\u00e7alo &#8211; RJ<\/p>\n\n\n\n<p>Carga hor\u00e1ria: 2h<\/p>\n\n\n\n<p><strong>Link de inscri\u00e7\u00e3o<\/strong>:&nbsp;<a rel=\"noreferrer noopener\" href=\"https:\/\/click.cse360.com.br\/Click\/AddCampaignEmailClick\/bc0c4046-981e-497b-7669-08dc694c815b\/https%253a%252f%252frj.loja.sebrae.com.br%252f371440100164-como-se-tornar-um-mei-313269766\/ac66966e-2b55-4484-fb2c-08dc491eed5f\/jornalistaws@gmail.com\/False\" target=\"_blank\">https:\/\/rj.loja.sebrae.com.br\/371440100164-como-se-tornar-um-mei-313269766<\/a>.<\/p>\n\n\n\n<p><\/p>\n","protected":false},"excerpt":{"rendered":"<p>Desenvolvimento Econ\u00f4mico e Sebrae realizam evento no Partage Shopping A Secretaria de Desenvolvimento Econ\u00f4mico, em parceria com o Sebrae, vai&hellip;<\/p>\n","protected":false},"author":5,"featured_media":5839,"comment_status":"open","ping_status":"open","sticky":false,"template":"","format":"standard","meta":{"fifu_image_url":"","fifu_image_alt":"","footnotes":""},"categories":[3],"tags":[],"class_list":["post-5824","post","type-post","status-publish","format-standard","has-post-thumbnail","hentry","category-sao-goncalo"],"_links":{"self":[{"href":"https:\/\/sgvaimudar.com.br\/index.php\/wp-json\/wp\/v2\/posts\/5824","targetHints":{"allow":["GET"]}}],"collection":[{"href":"https:\/\/sgvaimudar.com.br\/index.php\/wp-json\/wp\/v2\/posts"}],"about":[{"href":"https:\/\/sgvaimudar.com.br\/index.php\/wp-json\/wp\/v2\/types\/post"}],"author":[{"embeddable":true,"href":"https:\/\/sgvaimudar.com.br\/index.php\/wp-json\/wp\/v2\/users\/5"}],"replies":[{"embeddable":true,"href":"https:\/\/sgvaimudar.com.br\/index.php\/wp-json\/wp\/v2\/comments?post=5824"}],"version-history":[{"count":2,"href":"https:\/\/sgvaimudar.com.br\/index.php\/wp-json\/wp\/v2\/posts\/5824\/revisions"}],"predecessor-version":[{"id":5840,"href":"https:\/\/sgvaimudar.com.br\/index.php\/wp-json\/wp\/v2\/posts\/5824\/revisions\/5840"}],"wp:featuredmedia":[{"embeddable":true,"href":"https:\/\/sgvaimudar.com.br\/index.php\/wp-json\/wp\/v2\/media\/5839"}],"wp:attachment":[{"href":"https:\/\/sgvaimudar.com.br\/index.php\/wp-json\/wp\/v2\/media?parent=5824"}],"wp:term":[{"taxonomy":"category","embeddable":true,"href":"https:\/\/sgvaimudar.com.br\/index.php\/wp-json\/wp\/v2\/categories?post=5824"},{"taxonomy":"post_tag","embeddable":true,"href":"https:\/\/sgvaimudar.com.br\/index.php\/wp-json\/wp\/v2\/tags?post=5824"}],"curies":[{"name":"wp","href":"https:\/\/api.w.org\/{rel}","templated":true}]}}