{"id":5818,"date":"2024-05-09T12:00:00","date_gmt":"2024-05-09T15:00:00","guid":{"rendered":"https:\/\/sgvaimudar.com.br\/?p=5818"},"modified":"2024-05-09T08:02:03","modified_gmt":"2024-05-09T11:02:03","slug":"alunas-do-sao-goncalo-em-movimento-brilham-em-mostra-de-danca","status":"publish","type":"post","link":"https:\/\/sgvaimudar.com.br\/index.php\/2024\/05\/09\/alunas-do-sao-goncalo-em-movimento-brilham-em-mostra-de-danca\/","title":{"rendered":"Alunas do S\u00e3o Gon\u00e7alo em Movimento brilham em mostra de dan\u00e7a"},"content":{"rendered":"\n<p><em>Pequenas bailarinas subiram no palco do Municipal<\/em><\/p>\n\n\n\n<p>As alunas de bal\u00e9 do projeto S\u00e3o Gon\u00e7alo em Movimento tiveram uma oportunidade \u00fanica de demonstrar suas habilidades e paix\u00e3o pela dan\u00e7a durante a Mostra de Dan\u00e7a, que aconteceu no in\u00edcio deste m\u00eas (s\u00e1bado, 04), no Teatro Municipal. Organizada em celebra\u00e7\u00e3o ao Dia Internacional da Dan\u00e7a, o evento reuniu a popula\u00e7\u00e3o, destacando-se como um marco cultural no munic\u00edpio.<\/p>\n\n\n\n<figure class=\"wp-block-image size-large\"><img fetchpriority=\"high\" decoding=\"async\" width=\"1024\" height=\"576\" src=\"https:\/\/sgvaimudar.com.br\/wp-content\/uploads\/2024\/05\/unnamed-6-3-1024x576.jpg\" alt=\"\" class=\"wp-image-5819\" srcset=\"https:\/\/sgvaimudar.com.br\/wp-content\/uploads\/2024\/05\/unnamed-6-3-1024x576.jpg 1024w, https:\/\/sgvaimudar.com.br\/wp-content\/uploads\/2024\/05\/unnamed-6-3-300x169.jpg 300w, https:\/\/sgvaimudar.com.br\/wp-content\/uploads\/2024\/05\/unnamed-6-3-768x432.jpg 768w, https:\/\/sgvaimudar.com.br\/wp-content\/uploads\/2024\/05\/unnamed-6-3.jpg 1280w\" sizes=\"(max-width: 1024px) 100vw, 1024px\" \/><\/figure>\n\n\n\n<p>A professora de dan\u00e7a Flaviana Souza viu suas alunas de bal\u00e9 tomarem o palco com eleg\u00e2ncia e entusiasmo. A performance n\u00e3o apenas encantou o p\u00fablico, mas tamb\u00e9m destacou a expressividade das jovens bailarinas.<\/p>\n\n\n\n<p>&#8220;Participar dessa mostra foi incr\u00edvel. \u00c9 uma chance de mostrar como o projeto est\u00e1 fazendo a diferen\u00e7a na vida de tantas crian\u00e7as. Faz todo o nosso esfor\u00e7o valer a pena&#8221;, destacou Flaviana.<\/p>\n\n\n\n<p>O secret\u00e1rio de Governo e presidente da Funda\u00e7\u00e3o de Artes, Esporte e Lazer (Faelsg), F\u00e1bio Ara\u00fajo, frisou a import\u00e2ncia de eventos como este para o desenvolvimento das alunas.<\/p>\n\n\n\n<p>&#8220;\u00c9 fundamental que essas crian\u00e7as tenham a oportunidade de se apresentar em palcos como este. Isso eleva a autoestima delas, refor\u00e7a o trabalho em equipe e mostra a import\u00e2ncia da persist\u00eancia e do esfor\u00e7o cont\u00ednuo. Elas brilharam e fiquei muito orgulhoso da participa\u00e7\u00e3o do projeto nesse palco&#8221;, disse.<\/p>\n\n\n\n<p>O evento n\u00e3o apenas proporcionou uma plataforma para as alunas se apresentarem, mas tamb\u00e9m permitiu que elas assistissem e aprendessem com outros dan\u00e7arinos.<\/p>\n\n\n\n<p>&#8220;\u00c9 uma troca de experi\u00eancias muito rica; elas veem novos estilos, novas coreografias e isso tudo alimenta a paix\u00e3o delas pela dan\u00e7a&#8221;, acrescentou Flaviana.<\/p>\n","protected":false},"excerpt":{"rendered":"<p>Pequenas bailarinas subiram no palco do Municipal As alunas de bal\u00e9 do projeto S\u00e3o Gon\u00e7alo em Movimento tiveram uma oportunidade&hellip;<\/p>\n","protected":false},"author":5,"featured_media":5822,"comment_status":"open","ping_status":"open","sticky":false,"template":"","format":"standard","meta":{"fifu_image_url":"","fifu_image_alt":"","footnotes":""},"categories":[6],"tags":[],"class_list":["post-5818","post","type-post","status-publish","format-standard","has-post-thumbnail","hentry","category-entretenimento"],"_links":{"self":[{"href":"https:\/\/sgvaimudar.com.br\/index.php\/wp-json\/wp\/v2\/posts\/5818","targetHints":{"allow":["GET"]}}],"collection":[{"href":"https:\/\/sgvaimudar.com.br\/index.php\/wp-json\/wp\/v2\/posts"}],"about":[{"href":"https:\/\/sgvaimudar.com.br\/index.php\/wp-json\/wp\/v2\/types\/post"}],"author":[{"embeddable":true,"href":"https:\/\/sgvaimudar.com.br\/index.php\/wp-json\/wp\/v2\/users\/5"}],"replies":[{"embeddable":true,"href":"https:\/\/sgvaimudar.com.br\/index.php\/wp-json\/wp\/v2\/comments?post=5818"}],"version-history":[{"count":2,"href":"https:\/\/sgvaimudar.com.br\/index.php\/wp-json\/wp\/v2\/posts\/5818\/revisions"}],"predecessor-version":[{"id":5823,"href":"https:\/\/sgvaimudar.com.br\/index.php\/wp-json\/wp\/v2\/posts\/5818\/revisions\/5823"}],"wp:featuredmedia":[{"embeddable":true,"href":"https:\/\/sgvaimudar.com.br\/index.php\/wp-json\/wp\/v2\/media\/5822"}],"wp:attachment":[{"href":"https:\/\/sgvaimudar.com.br\/index.php\/wp-json\/wp\/v2\/media?parent=5818"}],"wp:term":[{"taxonomy":"category","embeddable":true,"href":"https:\/\/sgvaimudar.com.br\/index.php\/wp-json\/wp\/v2\/categories?post=5818"},{"taxonomy":"post_tag","embeddable":true,"href":"https:\/\/sgvaimudar.com.br\/index.php\/wp-json\/wp\/v2\/tags?post=5818"}],"curies":[{"name":"wp","href":"https:\/\/api.w.org\/{rel}","templated":true}]}}