{"id":5811,"date":"2024-05-09T11:00:00","date_gmt":"2024-05-09T14:00:00","guid":{"rendered":"https:\/\/sgvaimudar.com.br\/?p=5811"},"modified":"2024-05-09T07:28:17","modified_gmt":"2024-05-09T10:28:17","slug":"cantor-otavio-almeida-apresenta-cancoes-de-roberto-carlos-em-niteroi","status":"publish","type":"post","link":"https:\/\/sgvaimudar.com.br\/index.php\/2024\/05\/09\/cantor-otavio-almeida-apresenta-cancoes-de-roberto-carlos-em-niteroi\/","title":{"rendered":"Cantor Ot\u00e1vio Almeida apresenta can\u00e7\u00f5es de Roberto Carlos, em Niter\u00f3i"},"content":{"rendered":"\n<p><em>Show \u00e9 no final do m\u00eas na Sala Nelson Pereira dos Santos e tem ingressos a partir<br>de R$ 30<\/em><\/p>\n\n\n\n<p>O cantor Ot\u00e1vio Almeida vai se apresentar, no fim deste m\u00eas (sexta-feira, 31), \u00e0s 19h, um show em homenagem ao cantor Roberto Carlos na sala Nelson Pereira dos Santos,<br>localizada no bairro de S\u00e3o Domingos, em Niter\u00f3i, com ingressos a partir de R$ 30,<br>dispon\u00edveis para compra atrav\u00e9s do Sympla e, igualmente, na bilheteria do local.<\/p>\n\n\n\n<figure class=\"wp-block-image size-full\"><img fetchpriority=\"high\" decoding=\"async\" width=\"381\" height=\"266\" src=\"https:\/\/sgvaimudar.com.br\/wp-content\/uploads\/2024\/05\/oa.jpg\" alt=\"\" class=\"wp-image-5813\" srcset=\"https:\/\/sgvaimudar.com.br\/wp-content\/uploads\/2024\/05\/oa.jpg 381w, https:\/\/sgvaimudar.com.br\/wp-content\/uploads\/2024\/05\/oa-300x209.jpg 300w\" sizes=\"(max-width: 381px) 100vw, 381px\" \/><\/figure>\n\n\n\n<p>O artistas falou para o Site S\u00e3o Gon\u00e7alo Vai Mudar sobre essa nova apresenta\u00e7\u00e3o. <br>\u201cPor ser um cantor rom\u00e2ntico, as m\u00fasicas de Roberto Carlos sempre estiveram presentes em meu repert\u00f3rio. No entanto, a ideia de dedicar um espet\u00e1culo integralmente \u00e0s obras do rei partiu do meu produtor, Robert Freitas, e, de imediato, eu curti e abracei a proposta. Estou muito feliz e empolgado pela realiza\u00e7\u00e3o deste show, repleto de can\u00e7\u00f5es que sempre fizeram parte da minha vida e significam muito para mim\u201d, detalhou Ot\u00e1vio.<\/p>\n\n\n\n<p><br>O artista independente, que tamb\u00e9m possui um extenso trabalho a respeito da valoriza\u00e7\u00e3o da mem\u00f3ria de artistas da Era de Ouro do r\u00e1dio, al\u00e9m de um projeto voltado a Tom Jobim e Frank Sinatra, ressaltou ainda a import\u00e2ncia de realizar tributos a grandes artistas brasileiros.<\/p>\n\n\n\n<p>\u201cAcredito que seja fundamental resgatar a arte desse grande \u00eddolo, para que possamos<br>apresent\u00e1-la a um p\u00fablico diverso e ampliar a compreens\u00e3o do brasileiro sobre a relev\u00e2ncia de um de nossos artistas mais importantes. Roberto n\u00e3o \u00e9 apenas importante para nossa cultura, mas tamb\u00e9m para a constru\u00e7\u00e3o cultural como um todo\u201d, afirmou o cantor.<\/p>\n\n\n\n<p>Ao falar sobre o que o p\u00fablico pode esperar do espet\u00e1culo, Ot\u00e1vio garante que proporcionar\u00e1 uma noite m\u00e1gica, repleta de romantismo. \u201cEu n\u00e3o estou trazendo o Roberto Carlos da Jovem Guarda, onde ele cantava rock e, igualmente, n\u00e3o trago o Roberto Carlos religioso. No show, optei por cantar apenas as can\u00e7\u00f5es rom\u00e2nticas do Rei, que possuem uma beleza indescrit\u00edvel\u201d, explicou o artista.<\/p>\n\n\n\n<p>\u201cOuso dizer que \u2018Ot\u00e1vio Almeida canta Roberto Carlos\u2019 n\u00e3o \u00e9 apenas um show musical, mas sim, uma verdadeira imers\u00e3o na hist\u00f3ria da m\u00fasica brasileira. Mal posso esperar para compartilhar com voc\u00eas o lindo espet\u00e1culo que preparamos\u201d, conclui Ot\u00e1vio.<br><\/p>\n\n\n\n<p><strong>SERVI\u00c7O<\/strong><br>Show Otavio Almeida canta Roberto Carlos<br>Data e hor\u00e1rio: 31 de maio (sexta-feira) \u00e0s 19h<br>Local: Sala Nelson Pereira dos Santos<br>Endere\u00e7o: Av. Visconde do Rio Branco, 880 &#8211; S\u00e3o Domingos, Niter\u00f3i<br>Classifica\u00e7\u00e3o indicativa: Livre<br>Ingressos: R$ 30 (meia-entrada) e R$ 60 (inteira)<br><\/p>\n\n\n\n<p><strong>O INT\u00c9RPRETE<\/strong><br>Ot\u00e1vio foi criado por uma fam\u00edlia extremamente musical, respons\u00e1vel por apresent\u00e1-lo ao melhor da m\u00fasica nacional e internacional, passando pelas serestas de Orlando Silva at\u00e9 o jazz de Ella Fitzgerald.<br>Cresceu em rodas de serestas que aconteciam na casa noturna de seu pai, o &#8220;Casar\u00e3o 37&#8221;, em Laranjeiras, e na adolesc\u00eancia, come\u00e7ou a cantar na banda da igreja matriz de sua cidade. Na mesma \u00e9poca, foi convidado a ingressar no coral Villa Lobos, situado no Instituto Cultural Brasil &#8211; Estados Unidos (ICEBEU) e regido pela maestrina Tal\u00edta Hasson.<\/p>\n\n\n\n<p>Ap\u00f3s alcan\u00e7ar a maioridade, foi vencedor do pr\u00eamio de Seresta do Rio de Janeiro (Trof\u00e9u Chiquinha Gonzaga) em 2009, al\u00e9m de ser condecorado como melhor cantor pela C\u00e2mara Municipal de Niter\u00f3i e personalidade homenageada pelo Museu de Cera (no Shopping Partage, em S\u00e3o Gon\u00e7alo).<\/p>\n\n\n\n<p>Em 2019, foi ganhador do trof\u00e9u \u201c\u00c9 dez ou mil\u201d do programa do Ratinho e participante do Show \u201c\u00c2ngela Maria 90 anos\u201d no Teatro Proc\u00f3pio Ferreira (S\u00e3o Paulo). Em 2022, fez uma participa\u00e7\u00e3o especial no espet\u00e1culo &#8220;Les Girls Forever&#8221;, no Teatro Rival. No mesmo ano, foi um dos cantores convidados a se apresentar no evento \u201cNatal do Amanh\u00e3\u201d, no Campo de S\u00e3o Bento, em Niter\u00f3i. <\/p>\n\n\n\n<p>J\u00e1 em 2023, realizou o show de abertura do espet\u00e1culo de Elymar Santos, na cidade de Maric\u00e1, no Rio de Janeiro, e foi um dos integrantes dos projetos \u201cMarazul\u201d, realizado no Reserva Cultural, em Niter\u00f3i e do \u201cChoro na Rua\u201d, que ocorreu, igualmente, no Campo de S\u00e3o Bento.<\/p>\n\n\n\n<p>Atualmente, segue dedicando-se a diferentes projetos musicais como \u201cOt\u00e1vio Almeida canta Jobim &amp; Sinatra\u201d e \u201c100 Anos de M\u00fasica\u201d, apresentando-se no Teatro Popular Oscar Niemeyer, Teatro Municipal de S\u00e3o Gon\u00e7alo, Campo de S\u00e3o Bento e Teatro Urukum.<\/p>\n\n\n\n<p>Contatos:<br>+55 (21) 983957878 \u2013 Robert Freitas (Produtor)<br>Instagram: @otavioalmeidaoficial<br>e-mail: cantorotavioalmeida@gmail.com \/ otvalmd@gmail.com.<\/p>\n","protected":false},"excerpt":{"rendered":"<p>Show \u00e9 no final do m\u00eas na Sala Nelson Pereira dos Santos e tem ingressos a partirde R$ 30 O&hellip;<\/p>\n","protected":false},"author":5,"featured_media":5812,"comment_status":"open","ping_status":"open","sticky":false,"template":"","format":"standard","meta":{"fifu_image_url":"","fifu_image_alt":"","footnotes":""},"categories":[6,34],"tags":[],"class_list":["post-5811","post","type-post","status-publish","format-standard","has-post-thumbnail","hentry","category-entretenimento","category-niteroi"],"_links":{"self":[{"href":"https:\/\/sgvaimudar.com.br\/index.php\/wp-json\/wp\/v2\/posts\/5811","targetHints":{"allow":["GET"]}}],"collection":[{"href":"https:\/\/sgvaimudar.com.br\/index.php\/wp-json\/wp\/v2\/posts"}],"about":[{"href":"https:\/\/sgvaimudar.com.br\/index.php\/wp-json\/wp\/v2\/types\/post"}],"author":[{"embeddable":true,"href":"https:\/\/sgvaimudar.com.br\/index.php\/wp-json\/wp\/v2\/users\/5"}],"replies":[{"embeddable":true,"href":"https:\/\/sgvaimudar.com.br\/index.php\/wp-json\/wp\/v2\/comments?post=5811"}],"version-history":[{"count":1,"href":"https:\/\/sgvaimudar.com.br\/index.php\/wp-json\/wp\/v2\/posts\/5811\/revisions"}],"predecessor-version":[{"id":5814,"href":"https:\/\/sgvaimudar.com.br\/index.php\/wp-json\/wp\/v2\/posts\/5811\/revisions\/5814"}],"wp:featuredmedia":[{"embeddable":true,"href":"https:\/\/sgvaimudar.com.br\/index.php\/wp-json\/wp\/v2\/media\/5812"}],"wp:attachment":[{"href":"https:\/\/sgvaimudar.com.br\/index.php\/wp-json\/wp\/v2\/media?parent=5811"}],"wp:term":[{"taxonomy":"category","embeddable":true,"href":"https:\/\/sgvaimudar.com.br\/index.php\/wp-json\/wp\/v2\/categories?post=5811"},{"taxonomy":"post_tag","embeddable":true,"href":"https:\/\/sgvaimudar.com.br\/index.php\/wp-json\/wp\/v2\/tags?post=5811"}],"curies":[{"name":"wp","href":"https:\/\/api.w.org\/{rel}","templated":true}]}}