{"id":5756,"date":"2024-05-08T10:00:00","date_gmt":"2024-05-08T13:00:00","guid":{"rendered":"https:\/\/sgvaimudar.com.br\/?p=5756"},"modified":"2024-05-07T21:47:34","modified_gmt":"2024-05-08T00:47:34","slug":"unidade-de-saude-no-paiva-reforca-especialidades-medicas","status":"publish","type":"post","link":"https:\/\/sgvaimudar.com.br\/index.php\/2024\/05\/08\/unidade-de-saude-no-paiva-reforca-especialidades-medicas\/","title":{"rendered":"Unidade de sa\u00fade no Paiva refor\u00e7a especialidades m\u00e9dicas"},"content":{"rendered":"\n<p>Com capacidade para atender at\u00e9 8 mil usu\u00e1rios com duas equipes da Estrat\u00e9gia da Sa\u00fade da Fam\u00edlia (ESF), a USF Victor Chimelly, no Paiva, se destaca pela radical mudan\u00e7a que sofreu no governo do prefeito Capit\u00e3o Nelson h\u00e1 quase um ano. De uma unidade com materiais pr\u00e9-moldados e completamente deteriorados, ela passou a ser um posto de sa\u00fade de alvenaria e com ambientes de qualidade e setorizados.\u00a0<\/p>\n\n\n\n<figure class=\"wp-block-image size-large\"><img fetchpriority=\"high\" decoding=\"async\" width=\"1024\" height=\"683\" src=\"https:\/\/sgvaimudar.com.br\/wp-content\/uploads\/2024\/05\/unnamed-2-2-1024x683.jpg\" alt=\"\" class=\"wp-image-5757\" srcset=\"https:\/\/sgvaimudar.com.br\/wp-content\/uploads\/2024\/05\/unnamed-2-2-1024x683.jpg 1024w, https:\/\/sgvaimudar.com.br\/wp-content\/uploads\/2024\/05\/unnamed-2-2-300x200.jpg 300w, https:\/\/sgvaimudar.com.br\/wp-content\/uploads\/2024\/05\/unnamed-2-2-768x512.jpg 768w, https:\/\/sgvaimudar.com.br\/wp-content\/uploads\/2024\/05\/unnamed-2-2-1536x1024.jpg 1536w, https:\/\/sgvaimudar.com.br\/wp-content\/uploads\/2024\/05\/unnamed-2-2.jpg 1620w\" sizes=\"(max-width: 1024px) 100vw, 1024px\" \/><\/figure>\n\n\n\n<p>&nbsp;&nbsp;&nbsp;&nbsp;&nbsp;A USF tem sala de fisioterapia, vacina\u00e7\u00e3o, dois consult\u00f3rios e recep\u00e7\u00e3o. Toda a estrutura f\u00edsica foi entregue com tudo novo: mobili\u00e1rio e equipamentos. A unidade ainda tem o diferencial de ter o refor\u00e7o das especialidades m\u00e9dicas de pediatria, ginecologia e cardiologia, al\u00e9m de dois m\u00e9dicos generalistas \u2013 que s\u00e3o comuns na Aten\u00e7\u00e3o B\u00e1sica.<\/p>\n\n\n\n<p>&nbsp;&nbsp;&nbsp;&nbsp;O gar\u00e7om Marcelo Jos\u00e9 da Silva Corado, de 55 anos, acompanhou a mudan\u00e7a da unidade. \u201cMelhorou bastante. A apar\u00eancia j\u00e1 diz tudo. Estava bem prec\u00e1rio, completamente abandonado. N\u00e3o sei nem descrever o que era isso antes. Agora, temos salas decentes para atendimento. D\u00e1 gosto ser atendido aqui. Os funcion\u00e1rios tamb\u00e9m s\u00e3o \u00f3timos\u201d, contou Marcelo, que foi se vacinar contra a gripe.<\/p>\n\n\n\n<p>&nbsp;&nbsp;&nbsp;&nbsp;&nbsp;A padroniza\u00e7\u00e3o das unidades da rede municipal da Aten\u00e7\u00e3o B\u00e1sica \u00e9 uma exig\u00eancia do Capit\u00e3o Nelson. Todos os novos postos de sa\u00fade est\u00e3o padronizados e adequados conforme as normas da Anvisa: a RDC 50, que diz respeito aos ambientes; e a NBR 9050, sobre acessibilidade.&nbsp;<\/p>\n\n\n\n<p>&nbsp;&nbsp;&nbsp;&nbsp;As unidades contam com ambientes climatizados e com acessibilidade (rampa, piso t\u00e1til, barras e banheiros adaptados para pessoas com defici\u00eancia). Os postos tamb\u00e9m recebem pisos novos, pintura, adequa\u00e7\u00e3o dos espa\u00e7os e revitaliza\u00e7\u00e3o da fachada.&nbsp;<\/p>\n\n\n\n<p>&nbsp;&nbsp;&nbsp;&nbsp;&nbsp;A operadora de supermercado T\u00e2nia Leite, 60, fez a primeira sess\u00e3o de fisioterapia no local. No entanto, por ser moradora antiga do bairro, conhecia bem a antiga USF. \u201cEst\u00e1 bem melhor, n\u00e3o tem nem compara\u00e7\u00e3o. Tem at\u00e9 a sala de fisioterapia. Gostei muito do primeiro atendimento. A fisioterapeuta \u00e9 muito atenciosa. Espero que melhore cada vez mais\u201d, opinou T\u00e2nia.&nbsp;&nbsp;&nbsp;<\/p>\n\n\n\n<p>&nbsp;&nbsp;&nbsp;&nbsp;&nbsp;Al\u00e9m da equipe m\u00e9dica, a USF conta com enfermeiros, t\u00e9cnicos de enfermagem, agentes comunit\u00e1rios de sa\u00fade e os profissionais do e-Multi: nutricionista, fisioterapeuta, educador f\u00edsico, assistente social, psic\u00f3logo e fonoaudi\u00f3logo.&nbsp;<\/p>\n\n\n\n<p>&nbsp;&nbsp;&nbsp;&nbsp;&nbsp;Os programas da Aten\u00e7\u00e3o B\u00e1sica tamb\u00e9m est\u00e3o dispon\u00edveis, assim como exames laboratoriais de sangue, urina e fezes, preventivo, pr\u00e9-natal, vacina\u00e7\u00e3o, administra\u00e7\u00e3o de medicamentos injet\u00e1veis para pacientes com receitu\u00e1rio e medica\u00e7\u00e3o, aferi\u00e7\u00e3o de press\u00e3o arterial, curativo, visita domiciliar, auriculoterapia e inser\u00e7\u00e3o no sistema da regula\u00e7\u00e3o.&nbsp;<\/p>\n\n\n\n<p>&nbsp;&nbsp;&nbsp;&nbsp;&nbsp;O secret\u00e1rio de Sa\u00fade e Defesa Civil, Gleison Rocha, destaca o acolhimento como forma de melhor atender as pessoas. \u201cOs profissionais n\u00e3o tinham como atender bem a popula\u00e7\u00e3o com a antiga estrutura. N\u00e3o era nem para ser chamado de USF. Agora, eles t\u00eam como trabalhar melhor e atender bem a popula\u00e7\u00e3o com humaniza\u00e7\u00e3o, acolhimento e reciprocidade. Temos que cuidar mais das pessoas como um todo. Nenhuma estrutura f\u00edsica vai substituir o ser humano, mas vai ajudar a tratar melhor as pessoas\u201d, finalizou Gleison Rocha.&nbsp;<\/p>\n\n\n\n<p><em>Fotos: Julio Diniz<\/em><\/p>\n","protected":false},"excerpt":{"rendered":"<p>Com capacidade para atender at\u00e9 8 mil usu\u00e1rios com duas equipes da Estrat\u00e9gia da Sa\u00fade da Fam\u00edlia (ESF), a USF&hellip;<\/p>\n","protected":false},"author":5,"featured_media":5758,"comment_status":"open","ping_status":"open","sticky":false,"template":"","format":"standard","meta":{"fifu_image_url":"","fifu_image_alt":"","footnotes":""},"categories":[7],"tags":[],"class_list":["post-5756","post","type-post","status-publish","format-standard","has-post-thumbnail","hentry","category-saude"],"_links":{"self":[{"href":"https:\/\/sgvaimudar.com.br\/index.php\/wp-json\/wp\/v2\/posts\/5756","targetHints":{"allow":["GET"]}}],"collection":[{"href":"https:\/\/sgvaimudar.com.br\/index.php\/wp-json\/wp\/v2\/posts"}],"about":[{"href":"https:\/\/sgvaimudar.com.br\/index.php\/wp-json\/wp\/v2\/types\/post"}],"author":[{"embeddable":true,"href":"https:\/\/sgvaimudar.com.br\/index.php\/wp-json\/wp\/v2\/users\/5"}],"replies":[{"embeddable":true,"href":"https:\/\/sgvaimudar.com.br\/index.php\/wp-json\/wp\/v2\/comments?post=5756"}],"version-history":[{"count":1,"href":"https:\/\/sgvaimudar.com.br\/index.php\/wp-json\/wp\/v2\/posts\/5756\/revisions"}],"predecessor-version":[{"id":5759,"href":"https:\/\/sgvaimudar.com.br\/index.php\/wp-json\/wp\/v2\/posts\/5756\/revisions\/5759"}],"wp:featuredmedia":[{"embeddable":true,"href":"https:\/\/sgvaimudar.com.br\/index.php\/wp-json\/wp\/v2\/media\/5758"}],"wp:attachment":[{"href":"https:\/\/sgvaimudar.com.br\/index.php\/wp-json\/wp\/v2\/media?parent=5756"}],"wp:term":[{"taxonomy":"category","embeddable":true,"href":"https:\/\/sgvaimudar.com.br\/index.php\/wp-json\/wp\/v2\/categories?post=5756"},{"taxonomy":"post_tag","embeddable":true,"href":"https:\/\/sgvaimudar.com.br\/index.php\/wp-json\/wp\/v2\/tags?post=5756"}],"curies":[{"name":"wp","href":"https:\/\/api.w.org\/{rel}","templated":true}]}}