{"id":5696,"date":"2024-05-06T21:55:20","date_gmt":"2024-05-07T00:55:20","guid":{"rendered":"https:\/\/sgvaimudar.com.br\/?p=5696"},"modified":"2024-05-06T21:57:04","modified_gmt":"2024-05-07T00:57:04","slug":"policia-civil-prende-empresario-responsavel-por-sinal-de-wifi-em-bocas-de-fumo-do-cavalao","status":"publish","type":"post","link":"https:\/\/sgvaimudar.com.br\/index.php\/2024\/05\/06\/policia-civil-prende-empresario-responsavel-por-sinal-de-wifi-em-bocas-de-fumo-do-cavalao\/","title":{"rendered":"Pol\u00edcia Civil prende empres\u00e1rio respons\u00e1vel por sinal de wifi em bocas de fumo do Caval\u00e3o"},"content":{"rendered":"\n<p>Policiais civis prenderam nesta segunda-feira (06\/05), um empres\u00e1rio de 44 anos, no bairro Pendotiba, em Niter\u00f3i. Ele \u00e9 apontado como associado de uma das maiores organiza\u00e7\u00f5es criminosas do estado.<\/p>\n\n\n\n<figure class=\"wp-block-video\"><video height=\"480\" style=\"aspect-ratio: 848 \/ 480;\" width=\"848\" controls src=\"https:\/\/sgvaimudar.com.br\/wp-content\/uploads\/2024\/05\/WhatsApp-Video-2024-05-06-at-16.39.59.mp4\"><\/video><\/figure>\n\n\n\n<p>Contra este constava um mandado de pris\u00e3o expedido pela 1\u00aa Vara Criminal de Niter\u00f3i, decorrente de uma investiga\u00e7\u00e3o realizada pela 77\u00aa DP (Icara\u00ed). O criminoso era um dos s\u00f3cios de uma empresa respons\u00e1vel pela irregular distribui\u00e7\u00e3o de Internet e disponibiliza\u00e7\u00e3o de Wi\u2013Fi em Bocas de fumo da comunidade do Caval\u00e3o na Zona Sul da cidade.<\/p>\n\n\n\n<p>A empresa investigada j\u00e1 foi alvo de outra opera\u00e7\u00e3o da pol\u00edcia civil em mar\u00e7o de 2021. A &#8216;Opera\u00e7\u00e3o Disney&#8217;, realizada pela 76\u00aa DP (Centro), desmantelou uma associa\u00e7\u00e3o de traficantes e milicianos (narcomil\u00edcia) que atuava no bairro da Ilha da Concei\u00e7\u00e3o tamb\u00e9m na cidade de Niter\u00f3i.<\/p>\n\n\n\n<p>De acordo com a Pol\u00edcia Civil, o grupo criminoso que o empres\u00e1rio pertence, al\u00e9m de praticar o tr\u00e1fico de drogas, atuava na distribui\u00e7\u00e3o clandestina de TV a cabo e de sinal de internet na regi\u00e3o e outros delitos relacionados ao tr\u00e1fico.<\/p>\n\n\n\n<p>Ap\u00f3s a captura, o preso ser\u00e1 encaminhado para a Secretaria de Estado Administra\u00e7\u00e3o Penitenci\u00e1ria (Seap), onde permanecer\u00e1 \u00e0 disposi\u00e7\u00e3o da Justi\u00e7a.<\/p>\n","protected":false},"excerpt":{"rendered":"<p>Policiais civis prenderam nesta segunda-feira (06\/05), um empres\u00e1rio de 44 anos, no bairro Pendotiba, em Niter\u00f3i. Ele \u00e9 apontado como&hellip;<\/p>\n","protected":false},"author":5,"featured_media":5698,"comment_status":"open","ping_status":"open","sticky":false,"template":"","format":"standard","meta":{"fifu_image_url":"","fifu_image_alt":"","footnotes":""},"categories":[34],"tags":[],"class_list":["post-5696","post","type-post","status-publish","format-standard","has-post-thumbnail","hentry","category-niteroi"],"_links":{"self":[{"href":"https:\/\/sgvaimudar.com.br\/index.php\/wp-json\/wp\/v2\/posts\/5696","targetHints":{"allow":["GET"]}}],"collection":[{"href":"https:\/\/sgvaimudar.com.br\/index.php\/wp-json\/wp\/v2\/posts"}],"about":[{"href":"https:\/\/sgvaimudar.com.br\/index.php\/wp-json\/wp\/v2\/types\/post"}],"author":[{"embeddable":true,"href":"https:\/\/sgvaimudar.com.br\/index.php\/wp-json\/wp\/v2\/users\/5"}],"replies":[{"embeddable":true,"href":"https:\/\/sgvaimudar.com.br\/index.php\/wp-json\/wp\/v2\/comments?post=5696"}],"version-history":[{"count":1,"href":"https:\/\/sgvaimudar.com.br\/index.php\/wp-json\/wp\/v2\/posts\/5696\/revisions"}],"predecessor-version":[{"id":5699,"href":"https:\/\/sgvaimudar.com.br\/index.php\/wp-json\/wp\/v2\/posts\/5696\/revisions\/5699"}],"wp:featuredmedia":[{"embeddable":true,"href":"https:\/\/sgvaimudar.com.br\/index.php\/wp-json\/wp\/v2\/media\/5698"}],"wp:attachment":[{"href":"https:\/\/sgvaimudar.com.br\/index.php\/wp-json\/wp\/v2\/media?parent=5696"}],"wp:term":[{"taxonomy":"category","embeddable":true,"href":"https:\/\/sgvaimudar.com.br\/index.php\/wp-json\/wp\/v2\/categories?post=5696"},{"taxonomy":"post_tag","embeddable":true,"href":"https:\/\/sgvaimudar.com.br\/index.php\/wp-json\/wp\/v2\/tags?post=5696"}],"curies":[{"name":"wp","href":"https:\/\/api.w.org\/{rel}","templated":true}]}}