{"id":5661,"date":"2024-05-05T20:13:59","date_gmt":"2024-05-05T23:13:59","guid":{"rendered":"https:\/\/sgvaimudar.com.br\/?p=5661"},"modified":"2024-05-05T20:17:16","modified_gmt":"2024-05-05T23:17:16","slug":"camara-municipal-passa-por-algumas-mudancas","status":"publish","type":"post","link":"https:\/\/sgvaimudar.com.br\/index.php\/2024\/05\/05\/camara-municipal-passa-por-algumas-mudancas\/","title":{"rendered":"C\u00e2mara Municipal passa por algumas mudan\u00e7as"},"content":{"rendered":"\n<p>A cinco meses para as elei\u00e7\u00f5es municipais de 2024 o vereador Al\u00e9cio Breda Dias &#8211; o Lecinho -, que presidia a C\u00e2mara desde 2021, teve o seu mandato cassado pelo Tribunal Regional Eleitoral (TRE-RJ). A Justi\u00e7a Eleitoral negou recurso apresentado pelo antigo partido dele, o MDB, e anulou todos os votos obtidos por candidatos da sigla nas elei\u00e7\u00f5es de 2020.<\/p>\n\n\n\n<figure class=\"wp-block-image size-large\"><img fetchpriority=\"high\" decoding=\"async\" width=\"682\" height=\"1024\" src=\"https:\/\/sgvaimudar.com.br\/wp-content\/uploads\/2024\/05\/IMG-20230322-WA0057-682x1024.jpg\" alt=\"\" class=\"wp-image-5663\" srcset=\"https:\/\/sgvaimudar.com.br\/wp-content\/uploads\/2024\/05\/IMG-20230322-WA0057-682x1024.jpg 682w, https:\/\/sgvaimudar.com.br\/wp-content\/uploads\/2024\/05\/IMG-20230322-WA0057-200x300.jpg 200w, https:\/\/sgvaimudar.com.br\/wp-content\/uploads\/2024\/05\/IMG-20230322-WA0057-768x1153.jpg 768w, https:\/\/sgvaimudar.com.br\/wp-content\/uploads\/2024\/05\/IMG-20230322-WA0057-1023x1536.jpg 1023w, https:\/\/sgvaimudar.com.br\/wp-content\/uploads\/2024\/05\/IMG-20230322-WA0057.jpg 1066w\" sizes=\"(max-width: 682px) 100vw, 682px\" \/><\/figure>\n\n\n\n<p><em>Ex-presidente da C\u00e2mara teve recurso negado pelo TRE &#8211;\u00a0Foto: Site da C\u00e2mara<\/em><\/p>\n\n\n\n<p>A mudan\u00e7a resultou no reprocessamento do resultado do pleito. Com a recontagem, a cadeira vaga na Casa foi para o candidato Alex da Ag\u00eancia, que tomou posse como vereador de S\u00e3o Gon\u00e7alo na tarde da \u00faltima sexta-feira (03). <\/p>\n\n\n\n<p>Quem assinou a mudan\u00e7a foi o vereador Vinicius, 1\u00b0 vice-presidente da Casa. Ele assume a gest\u00e3o da Casa at\u00e9 a elei\u00e7\u00e3o do pr\u00f3ximo presidente, que acontece na ter\u00e7a-feira (07). O pr\u00f3ximo presidente fica no comando da C\u00e2mara at\u00e9 o final do mandato, que termina no dia 31 de dezembro.<\/p>\n\n\n\n<p>Segundo as informa\u00e7\u00f5es, Lecinho disse que vai tentar voltar para a C\u00e2mara no ano que vem. Ele deixou o MDB e \u00e9 pr\u00e9-candidato a vereador no munic\u00edpio pelo Republicanos. &#8220;\u00c9 uma decis\u00e3o que eu respeito, apesar de estar faltando oito meses para terminar n\u00e3o s\u00f3 o meu mandato de vereador, como tamb\u00e9m de presidente da C\u00e2mara. \u00c9 uma decis\u00e3o que aceito. Mas j\u00e1 estou trabalhando, porque estou eleg\u00edvel&#8221;, destacou o pol\u00edtico.<\/p>\n\n\n\n<p><strong>Candidata laranja<\/strong><\/p>\n\n\n\n<p>O ex-vereador e seus suplentes foram cassados por conta de uma a\u00e7\u00e3o do Minist\u00e9rio P\u00fablico Eleitoral que acusa sua antiga sigla, o MDB, de usar uma candidata como \u201claranja\u201d para fraudar a cota m\u00ednima de mulheres na disputa pela C\u00e2mara na cidade em 2020.<\/p>\n\n\n\n<p>A suposta candidata seria S\u00f4nia Regina de Souza Nogueira, que concorreu pelo partido nas \u00faltimas elei\u00e7\u00f5es, mas n\u00e3o recebeu votos. Ela teria afirmado, ap\u00f3s as elei\u00e7\u00f5es, que recebeu dinheiro do partido para n\u00e3o participar do pleito. Al\u00e9m disso, segundo o TRE, n\u00e3o h\u00e1 registro de material de campanha eleitoral ou movimenta\u00e7\u00e3o financeira em sua presta\u00e7\u00e3o de contas eleitorais.<\/p>\n\n\n\n<p>Lecinho nega o esquema. &#8220;Ela nunca foi uma candidata laranja, ela \u00e9 filiada ao MDB desde 2008. Ela teve a quest\u00e3o da Covid, a filha sofreu um acidente de moto e a\u00ed ela renunciou. Teve uma ren\u00fancia t\u00e1cita e n\u00e3o quis dar continuidade \u00e0 campanha dela&#8221;, afirmou.<\/p>\n\n\n\n<p><strong>Novo vereador assume<\/strong><\/p>\n\n\n\n<figure class=\"wp-block-image size-full\"><img decoding=\"async\" width=\"422\" height=\"476\" src=\"https:\/\/sgvaimudar.com.br\/wp-content\/uploads\/2024\/05\/alex.jpg\" alt=\"\" class=\"wp-image-5662\" srcset=\"https:\/\/sgvaimudar.com.br\/wp-content\/uploads\/2024\/05\/alex.jpg 422w, https:\/\/sgvaimudar.com.br\/wp-content\/uploads\/2024\/05\/alex-266x300.jpg 266w\" sizes=\"(max-width: 422px) 100vw, 422px\" \/><\/figure>\n\n\n\n<p>Nesta sexta (03), foi realizada na sede da C\u00e2mara, no Z\u00e9 Garoto, a cerim\u00f4nia de juramento e posse de Alex Rocha Brito, o Alex da Ag\u00eancia, que assume uma cadeira no plen\u00e1rio at\u00e9 o final deste ano. Tamb\u00e9m nesta sexta (03), o presidente em exerc\u00edcio Vin\u00edcius convocou os vereadores para a elei\u00e7\u00e3o dos cargos de Presidente e 3\u00ba Secret\u00e1rio da C\u00e2mara. Os vereadores interessados t\u00eam at\u00e9 esta segunda (06) para manifestar o interesse em concorrer \u00e0s fun\u00e7\u00f5es. A vota\u00e7\u00e3o acontece na Sess\u00e3o de ter\u00e7a (07), \u00e0s 19h.<\/p>\n\n\n\n<p><em>Fonte: O S\u00e3o Gon\u00e7alo<\/em><\/p>\n","protected":false},"excerpt":{"rendered":"<p>A cinco meses para as elei\u00e7\u00f5es municipais de 2024 o vereador Al\u00e9cio Breda Dias &#8211; o Lecinho -, que presidia&hellip;<\/p>\n","protected":false},"author":5,"featured_media":5664,"comment_status":"open","ping_status":"open","sticky":false,"template":"","format":"standard","meta":{"fifu_image_url":"","fifu_image_alt":"","footnotes":""},"categories":[3],"tags":[],"class_list":["post-5661","post","type-post","status-publish","format-standard","has-post-thumbnail","hentry","category-sao-goncalo"],"_links":{"self":[{"href":"https:\/\/sgvaimudar.com.br\/index.php\/wp-json\/wp\/v2\/posts\/5661","targetHints":{"allow":["GET"]}}],"collection":[{"href":"https:\/\/sgvaimudar.com.br\/index.php\/wp-json\/wp\/v2\/posts"}],"about":[{"href":"https:\/\/sgvaimudar.com.br\/index.php\/wp-json\/wp\/v2\/types\/post"}],"author":[{"embeddable":true,"href":"https:\/\/sgvaimudar.com.br\/index.php\/wp-json\/wp\/v2\/users\/5"}],"replies":[{"embeddable":true,"href":"https:\/\/sgvaimudar.com.br\/index.php\/wp-json\/wp\/v2\/comments?post=5661"}],"version-history":[{"count":3,"href":"https:\/\/sgvaimudar.com.br\/index.php\/wp-json\/wp\/v2\/posts\/5661\/revisions"}],"predecessor-version":[{"id":5668,"href":"https:\/\/sgvaimudar.com.br\/index.php\/wp-json\/wp\/v2\/posts\/5661\/revisions\/5668"}],"wp:featuredmedia":[{"embeddable":true,"href":"https:\/\/sgvaimudar.com.br\/index.php\/wp-json\/wp\/v2\/media\/5664"}],"wp:attachment":[{"href":"https:\/\/sgvaimudar.com.br\/index.php\/wp-json\/wp\/v2\/media?parent=5661"}],"wp:term":[{"taxonomy":"category","embeddable":true,"href":"https:\/\/sgvaimudar.com.br\/index.php\/wp-json\/wp\/v2\/categories?post=5661"},{"taxonomy":"post_tag","embeddable":true,"href":"https:\/\/sgvaimudar.com.br\/index.php\/wp-json\/wp\/v2\/tags?post=5661"}],"curies":[{"name":"wp","href":"https:\/\/api.w.org\/{rel}","templated":true}]}}