{"id":5603,"date":"2024-05-04T13:17:37","date_gmt":"2024-05-04T16:17:37","guid":{"rendered":"https:\/\/sgvaimudar.com.br\/?p=5603"},"modified":"2024-05-04T13:17:38","modified_gmt":"2024-05-04T16:17:38","slug":"pronto-socorro-do-ze-garoto-amplia-obras-de-revitalizacao","status":"publish","type":"post","link":"https:\/\/sgvaimudar.com.br\/index.php\/2024\/05\/04\/pronto-socorro-do-ze-garoto-amplia-obras-de-revitalizacao\/","title":{"rendered":"Pronto Socorro do Z\u00e9 Garoto amplia obras de revitaliza\u00e7\u00e3o"},"content":{"rendered":"\n<p>O Pronto Socorro Central (PSC) Dr. Armando Gomes de S\u00e1 Couto, no Z\u00e9 Garoto, com atendimento m\u00e9dio de mil pessoas por dia, teve o primeiro andar todo revitalizado. Agora, as obras chegaram ao segundo andar e aos tr\u00eas centros cir\u00fargicos. At\u00e9 o elevador da unidade foi trocado. O PSC funciona 24h, todos os dias da semana, com atendimentos de cl\u00ednica geral, ortopedia, odontologia e cirurgia geral.\u00a0\u00a0\u00a0\u00a0<\/p>\n\n\n\n<figure class=\"wp-block-image size-full\"><img fetchpriority=\"high\" decoding=\"async\" width=\"1024\" height=\"683\" src=\"https:\/\/sgvaimudar.com.br\/wp-content\/uploads\/2024\/05\/unnamed-7.jpg\" alt=\"\" class=\"wp-image-5604\" srcset=\"https:\/\/sgvaimudar.com.br\/wp-content\/uploads\/2024\/05\/unnamed-7.jpg 1024w, https:\/\/sgvaimudar.com.br\/wp-content\/uploads\/2024\/05\/unnamed-7-300x200.jpg 300w, https:\/\/sgvaimudar.com.br\/wp-content\/uploads\/2024\/05\/unnamed-7-768x512.jpg 768w\" sizes=\"(max-width: 1024px) 100vw, 1024px\" \/><\/figure>\n\n\n\n<p>Segundo a Prefeitura, os corredores do primeiro andar receberam nova ilumina\u00e7\u00e3o de led e pintura, ficando mais claros. &#8220;Novos consult\u00f3rios foram constru\u00eddos. Quatro s\u00e3o cl\u00ednicos e dois ortop\u00e9dicos \u2013 que t\u00eam sala de espera exclusiva. Dois consult\u00f3rios que atendem a cirurgia geral tamb\u00e9m foram revitalizados. Ainda h\u00e1 um odontol\u00f3gico, sala de sutura e sala de pequenos procedimentos cir\u00fargicos e curativos. A sala de coleta de sangue tamb\u00e9m foi reformada&#8221;, disse o Executivo no texto.\u00a0<\/p>\n\n\n\n<p>&nbsp;&nbsp;&nbsp;&nbsp;A pensionista Maria Edite da Silva, de 91 anos, fraturou o bra\u00e7o direito e estava na unidade para recolocar o gesso. Acompanhada de sua filha, a aposentada Rosemere da Silva, 64, a idosa j\u00e1 tinha passado pelo ortopedista. Na sala da imobiliza\u00e7\u00e3o, a filha elogiou o atendimento e o novo ambiente.&nbsp;<\/p>\n\n\n\n<p>\u00a0\u00a0\u00a0\u00a0\u00a0\u201cEla caiu em casa h\u00e1 40 dias e quebrou o bra\u00e7o. Hoje, ela veio para a revis\u00e3o. O atendimento foi r\u00e1pido e \u00e9 bom. Essa sala de colocar gesso \u00e9 nova. Quando viemos da primeira vez, ainda era a antiga. Essa sala \u00e9 mais ampla e est\u00e1 bem melhor\u201d, elogiou Edite.\u00a0<\/p>\n\n\n\n<p>Segundo o Executivo, toda a \u00e1rea de espera e recep\u00e7\u00f5es internas tamb\u00e9m foram remodeladas. &#8220;As melhorias ainda est\u00e3o em andamento, sendo feitas por partes sem que o atendimento seja interrompido. No segundo andar, o posto de enfermagem j\u00e1 recebeu as benfeitorias, assim como o refeit\u00f3rio dos funcion\u00e1rios, mas todo o espa\u00e7o ser\u00e1 modernizado com pintura, piso e climatiza\u00e7\u00e3o&#8221;, informou o poder p\u00fablico na nota.\u00a0<\/p>\n\n\n\n<p>A subsecret\u00e1ria de Urg\u00eancia e Emerg\u00eancia, Dra. Bianca Serour, disse que as adapta\u00e7\u00f5es e adequa\u00e7\u00f5es gerais e de acessibilidade seguem as normas da Anvisa: a RDC 50, que diz respeito aos ambientes; e a NBR 9050, sobre acessibilidade. \u201cA pr\u00f3xima etapa \u00e9 iniciar as obras dos centros cir\u00fargicos. O primeiro come\u00e7a neste m\u00eas. Eles ser\u00e3o feitos um de cada vez e durante a noite para n\u00e3o atrapalhar os atendimentos. Vamos reestruturar todo o espa\u00e7o para melhor atender a popula\u00e7\u00e3o e dar ambiente mais adequado aos profissionais de sa\u00fade\u201d, explicou a subsecret\u00e1ria.<\/p>\n\n\n\n<p>O secret\u00e1rio de Sa\u00fade e Defesa Civil de S\u00e3o Gon\u00e7alo, Dr. Gleison Rocha, ressaltou que no in\u00edcio do governo do Capit\u00e3o Nelson, o PSC j\u00e1 tinha passado por reformas na recep\u00e7\u00e3o principal de entrada dos pacientes e na fachada. \u201cA nossa miss\u00e3o, enquanto as obras do novo hospital de urg\u00eancia e emerg\u00eancia n\u00e3o come\u00e7am, \u00e9 melhorar o PSC para dar um atendimento mais digno aos pacientes e melhores condi\u00e7\u00f5es de trabalho para os servidores\u201d, disse o secret\u00e1rio.<\/p>\n","protected":false},"excerpt":{"rendered":"<p>O Pronto Socorro Central (PSC) Dr. Armando Gomes de S\u00e1 Couto, no Z\u00e9 Garoto, com atendimento m\u00e9dio de mil pessoas&hellip;<\/p>\n","protected":false},"author":5,"featured_media":5605,"comment_status":"open","ping_status":"open","sticky":false,"template":"","format":"standard","meta":{"fifu_image_url":"","fifu_image_alt":"","footnotes":""},"categories":[7],"tags":[],"class_list":["post-5603","post","type-post","status-publish","format-standard","has-post-thumbnail","hentry","category-saude"],"_links":{"self":[{"href":"https:\/\/sgvaimudar.com.br\/index.php\/wp-json\/wp\/v2\/posts\/5603","targetHints":{"allow":["GET"]}}],"collection":[{"href":"https:\/\/sgvaimudar.com.br\/index.php\/wp-json\/wp\/v2\/posts"}],"about":[{"href":"https:\/\/sgvaimudar.com.br\/index.php\/wp-json\/wp\/v2\/types\/post"}],"author":[{"embeddable":true,"href":"https:\/\/sgvaimudar.com.br\/index.php\/wp-json\/wp\/v2\/users\/5"}],"replies":[{"embeddable":true,"href":"https:\/\/sgvaimudar.com.br\/index.php\/wp-json\/wp\/v2\/comments?post=5603"}],"version-history":[{"count":1,"href":"https:\/\/sgvaimudar.com.br\/index.php\/wp-json\/wp\/v2\/posts\/5603\/revisions"}],"predecessor-version":[{"id":5606,"href":"https:\/\/sgvaimudar.com.br\/index.php\/wp-json\/wp\/v2\/posts\/5603\/revisions\/5606"}],"wp:featuredmedia":[{"embeddable":true,"href":"https:\/\/sgvaimudar.com.br\/index.php\/wp-json\/wp\/v2\/media\/5605"}],"wp:attachment":[{"href":"https:\/\/sgvaimudar.com.br\/index.php\/wp-json\/wp\/v2\/media?parent=5603"}],"wp:term":[{"taxonomy":"category","embeddable":true,"href":"https:\/\/sgvaimudar.com.br\/index.php\/wp-json\/wp\/v2\/categories?post=5603"},{"taxonomy":"post_tag","embeddable":true,"href":"https:\/\/sgvaimudar.com.br\/index.php\/wp-json\/wp\/v2\/tags?post=5603"}],"curies":[{"name":"wp","href":"https:\/\/api.w.org\/{rel}","templated":true}]}}