{"id":5555,"date":"2024-05-02T18:00:00","date_gmt":"2024-05-02T21:00:00","guid":{"rendered":"https:\/\/sgvaimudar.com.br\/?p=5555"},"modified":"2024-05-01T21:39:44","modified_gmt":"2024-05-02T00:39:44","slug":"mundel-recebe-a-diversao-da-caravana-de-arte-e-lazer","status":"publish","type":"post","link":"https:\/\/sgvaimudar.com.br\/index.php\/2024\/05\/02\/mundel-recebe-a-diversao-da-caravana-de-arte-e-lazer\/","title":{"rendered":"Mundel recebe a divers\u00e3o da Caravana de Arte e Lazer"},"content":{"rendered":"\n<p>A crian\u00e7ada marcou presen\u00e7a em mais uma edi\u00e7\u00e3o do \u201cCaravana de Arte e Lazer\u201d, projeto idealizado pela Funda\u00e7\u00e3o de Artes, Esporte e Lazer da Prefeitura de S\u00e3o Gon\u00e7alo, que foi realizado no \u00faltimo s\u00e1bado (27), no bairro Mundel.\u00a0<\/p>\n\n\n\n<figure class=\"wp-block-image size-large\"><img fetchpriority=\"high\" decoding=\"async\" width=\"1024\" height=\"768\" src=\"https:\/\/sgvaimudar.com.br\/wp-content\/uploads\/2024\/05\/unnamed-68-1024x768.jpg\" alt=\"\" class=\"wp-image-5556\" srcset=\"https:\/\/sgvaimudar.com.br\/wp-content\/uploads\/2024\/05\/unnamed-68-1024x768.jpg 1024w, https:\/\/sgvaimudar.com.br\/wp-content\/uploads\/2024\/05\/unnamed-68-300x225.jpg 300w, https:\/\/sgvaimudar.com.br\/wp-content\/uploads\/2024\/05\/unnamed-68-768x576.jpg 768w, https:\/\/sgvaimudar.com.br\/wp-content\/uploads\/2024\/05\/unnamed-68-1536x1152.jpg 1536w, https:\/\/sgvaimudar.com.br\/wp-content\/uploads\/2024\/05\/unnamed-68.jpg 1600w\" sizes=\"(max-width: 1024px) 100vw, 1024px\" \/><\/figure>\n\n\n\n<p>A a\u00e7\u00e3o come\u00e7ou logo cedo, \u00e0s 9h, e ofereceu muita divers\u00e3o, gincanas, brincadeiras l\u00fadicas e brinquedos infl\u00e1veis, como pula-pula, escorrega, al\u00e9m de cama el\u00e1stica e piscina de bolinhas. O ponto alto da festa foi a chegada dos personagens vivos, que sempre atraem a aten\u00e7\u00e3o dos pequenos durante a Caravana de Arte e Lazer.\u00a0<\/p>\n\n\n\n<figure class=\"wp-block-image size-large\"><img decoding=\"async\" width=\"1024\" height=\"768\" src=\"https:\/\/sgvaimudar.com.br\/wp-content\/uploads\/2024\/05\/unnamed-69-1024x768.jpg\" alt=\"\" class=\"wp-image-5557\" srcset=\"https:\/\/sgvaimudar.com.br\/wp-content\/uploads\/2024\/05\/unnamed-69-1024x768.jpg 1024w, https:\/\/sgvaimudar.com.br\/wp-content\/uploads\/2024\/05\/unnamed-69-300x225.jpg 300w, https:\/\/sgvaimudar.com.br\/wp-content\/uploads\/2024\/05\/unnamed-69-768x576.jpg 768w, https:\/\/sgvaimudar.com.br\/wp-content\/uploads\/2024\/05\/unnamed-69-1536x1152.jpg 1536w, https:\/\/sgvaimudar.com.br\/wp-content\/uploads\/2024\/05\/unnamed-69.jpg 1600w\" sizes=\"(max-width: 1024px) 100vw, 1024px\" \/><\/figure>\n\n\n\n<p>Os moradores da localidade tamb\u00e9m puderam aproveitar diversas guloseimas que foram distribu\u00eddas gratuitamente ao longo da atividade, como cachorro-quente, pipoca, algod\u00e3o doce, picol\u00e9 e guaran\u00e1 natural.\u00a0<\/p>\n\n\n\n<figure class=\"wp-block-image size-large\"><img decoding=\"async\" width=\"768\" height=\"1024\" src=\"https:\/\/sgvaimudar.com.br\/wp-content\/uploads\/2024\/05\/unnamed-70-768x1024.jpg\" alt=\"\" class=\"wp-image-5558\" srcset=\"https:\/\/sgvaimudar.com.br\/wp-content\/uploads\/2024\/05\/unnamed-70-768x1024.jpg 768w, https:\/\/sgvaimudar.com.br\/wp-content\/uploads\/2024\/05\/unnamed-70-225x300.jpg 225w, https:\/\/sgvaimudar.com.br\/wp-content\/uploads\/2024\/05\/unnamed-70-1152x1536.jpg 1152w, https:\/\/sgvaimudar.com.br\/wp-content\/uploads\/2024\/05\/unnamed-70.jpg 1200w\" sizes=\"(max-width: 768px) 100vw, 768px\" \/><\/figure>\n\n\n\n<p>A Caravana de Arte e Lazer foi criada com o objetivo de percorrer as principais \u00e1reas de vulnerabilidade social da cidade, levando pr\u00e1ticas sociais, esportivas e recreativas \u00e0s crian\u00e7as. Dezenas de bairros j\u00e1 receberam o projeto, atendendo milhares de gon\u00e7alenses.<\/p>\n\n\n\n<p>E a divers\u00e3o continuou no \u00faltimo domingo (28), quando a Caravana seguiu para a \u00c1gua Mineral. A a\u00e7\u00e3o foi realizada na Rua Jacovo, s\/n, das 9h \u00e0s 13h.\u00a0<\/p>\n","protected":false},"excerpt":{"rendered":"<p>A crian\u00e7ada marcou presen\u00e7a em mais uma edi\u00e7\u00e3o do \u201cCaravana de Arte e Lazer\u201d, projeto idealizado pela Funda\u00e7\u00e3o de Artes,&hellip;<\/p>\n","protected":false},"author":5,"featured_media":5559,"comment_status":"open","ping_status":"open","sticky":false,"template":"","format":"standard","meta":{"fifu_image_url":"","fifu_image_alt":"","footnotes":""},"categories":[6],"tags":[],"class_list":["post-5555","post","type-post","status-publish","format-standard","has-post-thumbnail","hentry","category-entretenimento"],"_links":{"self":[{"href":"https:\/\/sgvaimudar.com.br\/index.php\/wp-json\/wp\/v2\/posts\/5555","targetHints":{"allow":["GET"]}}],"collection":[{"href":"https:\/\/sgvaimudar.com.br\/index.php\/wp-json\/wp\/v2\/posts"}],"about":[{"href":"https:\/\/sgvaimudar.com.br\/index.php\/wp-json\/wp\/v2\/types\/post"}],"author":[{"embeddable":true,"href":"https:\/\/sgvaimudar.com.br\/index.php\/wp-json\/wp\/v2\/users\/5"}],"replies":[{"embeddable":true,"href":"https:\/\/sgvaimudar.com.br\/index.php\/wp-json\/wp\/v2\/comments?post=5555"}],"version-history":[{"count":1,"href":"https:\/\/sgvaimudar.com.br\/index.php\/wp-json\/wp\/v2\/posts\/5555\/revisions"}],"predecessor-version":[{"id":5560,"href":"https:\/\/sgvaimudar.com.br\/index.php\/wp-json\/wp\/v2\/posts\/5555\/revisions\/5560"}],"wp:featuredmedia":[{"embeddable":true,"href":"https:\/\/sgvaimudar.com.br\/index.php\/wp-json\/wp\/v2\/media\/5559"}],"wp:attachment":[{"href":"https:\/\/sgvaimudar.com.br\/index.php\/wp-json\/wp\/v2\/media?parent=5555"}],"wp:term":[{"taxonomy":"category","embeddable":true,"href":"https:\/\/sgvaimudar.com.br\/index.php\/wp-json\/wp\/v2\/categories?post=5555"},{"taxonomy":"post_tag","embeddable":true,"href":"https:\/\/sgvaimudar.com.br\/index.php\/wp-json\/wp\/v2\/tags?post=5555"}],"curies":[{"name":"wp","href":"https:\/\/api.w.org\/{rel}","templated":true}]}}