{"id":5529,"date":"2024-05-01T20:46:38","date_gmt":"2024-05-01T23:46:38","guid":{"rendered":"https:\/\/sgvaimudar.com.br\/?p=5529"},"modified":"2024-05-01T20:51:08","modified_gmt":"2024-05-01T23:51:08","slug":"atletas-se-reunem-em-trindade-para-2o-edicao-de-corrida-solidaria","status":"publish","type":"post","link":"https:\/\/sgvaimudar.com.br\/index.php\/2024\/05\/01\/atletas-se-reunem-em-trindade-para-2o-edicao-de-corrida-solidaria\/","title":{"rendered":"Atletas se re\u00fanem em Trindade para 2\u00ba edi\u00e7\u00e3o de Corrida Solid\u00e1ria"},"content":{"rendered":"\n<p><strong><em>Iniciativa contou com apoio da Secretaria de Esporte e Lazer da Prefeitura de S\u00e3o Gon\u00e7alo<\/em><\/strong><\/p>\n\n\n\n<p>Cerca de 300 corredores participaram da 2\u00aa edi\u00e7\u00e3o da Corrida Solid\u00e1ria P\u00e9 de Fogo \u2013 Ivanei Oliveira, que ocorreu no bairro da Trindade, nesta manh\u00e3 de quarta-feira (1\u00ba), feriado do Dia do Trabalhador. A corrida teve cinco quil\u00f4metros de extens\u00e3o e dez ganhadores, sendo cinco atletas da categoria masculina e cinco da categoria feminina.<\/p>\n\n\n\n<figure class=\"wp-block-image size-large\"><img fetchpriority=\"high\" decoding=\"async\" width=\"1024\" height=\"683\" src=\"https:\/\/sgvaimudar.com.br\/wp-content\/uploads\/2024\/05\/unnamed-63-1024x683.jpg\" alt=\"\" class=\"wp-image-5530\" srcset=\"https:\/\/sgvaimudar.com.br\/wp-content\/uploads\/2024\/05\/unnamed-63-1024x683.jpg 1024w, https:\/\/sgvaimudar.com.br\/wp-content\/uploads\/2024\/05\/unnamed-63-300x200.jpg 300w, https:\/\/sgvaimudar.com.br\/wp-content\/uploads\/2024\/05\/unnamed-63-768x512.jpg 768w, https:\/\/sgvaimudar.com.br\/wp-content\/uploads\/2024\/05\/unnamed-63.jpg 1500w\" sizes=\"(max-width: 1024px) 100vw, 1024px\" \/><\/figure>\n\n\n\n<p>A corrida come\u00e7ou \u00e0s 8h na Travessa Margarida, seguiu pela Avenida Presidente Kennedy at\u00e9 a Avenida S\u00e3o Miguel, retornou pela Avenida Presidente Kennedy at\u00e9 o ponto de largada, onde tamb\u00e9m estava a linha de chegada.<\/p>\n\n\n\n<p>A iniciativa, que virou lei em 2022 e entrou no calend\u00e1rio oficial de eventos do munic\u00edpio, contou com apoio da Secretaria de Esporte e Lazer da Prefeitura de S\u00e3o Gon\u00e7alo, al\u00e9m da Guarda Municipal e Secretarias de Governo, de Transportes (que realizou um esquema tr\u00e2nsito especial) e de Ordem P\u00fablica.<\/p>\n\n\n\n<p>O secret\u00e1rio de Esporte e Lazer, Diego Andrade, esteve no evento e falou sobre a import\u00e2ncia do esporte para o munic\u00edpio. A primeira edi\u00e7\u00e3o da corrida ocorreu em 2023.<\/p>\n\n\n\n<figure class=\"wp-block-image size-large\"><img decoding=\"async\" width=\"1024\" height=\"683\" src=\"https:\/\/sgvaimudar.com.br\/wp-content\/uploads\/2024\/05\/unnamed-62-1024x683.jpg\" alt=\"\" class=\"wp-image-5531\" srcset=\"https:\/\/sgvaimudar.com.br\/wp-content\/uploads\/2024\/05\/unnamed-62-1024x683.jpg 1024w, https:\/\/sgvaimudar.com.br\/wp-content\/uploads\/2024\/05\/unnamed-62-300x200.jpg 300w, https:\/\/sgvaimudar.com.br\/wp-content\/uploads\/2024\/05\/unnamed-62-768x512.jpg 768w, https:\/\/sgvaimudar.com.br\/wp-content\/uploads\/2024\/05\/unnamed-62.jpg 1500w\" sizes=\"(max-width: 1024px) 100vw, 1024px\" \/><\/figure>\n\n\n\n<p>&#8220;A Secretaria de Esporte e Lazer d\u00e1 apoio a um calend\u00e1rio que foi votado na C\u00e2mara e virou lei, que institui essa corrida que ocorre em todo dia 1\u00b0 de maio. \u00c9 muito importante que implementemos o esporte no munic\u00edpio e o Capit\u00e3o Nelson faz isso com excel\u00eancia. S\u00e3o diversos eventos espalhados no munic\u00edpio, cada semana temos calend\u00e1rios com mais eventos. S\u00e3o Gon\u00e7alo est\u00e1 cada vez mais aberta para fomentar eventos do tipo&#8221;, contou ele.<\/p>\n\n\n\n<p>A corrida foi organizada pelo coletivo P\u00e9 de Fogo Corredores, um grupo de corrida, e contou com atletas que moram em S\u00e3o Gon\u00e7alo e em munic\u00edpios vizinhos. Para participar, as pessoas se inscreveram doando dois quilos de alimentos n\u00e3o perec\u00edveis a serem enviados para institui\u00e7\u00f5es. Esse tipo de trabalho era feito, antes do surgimento da corrida, por Ivanei Oliveira, membro do P\u00e9 de Fogo que d\u00e1 nome ao evento.<\/p>\n\n\n\n<p>&#8220;A disputa ajuda na sa\u00fade f\u00edsica e mental, na qualidade de vida e incentiva as pessoas a sa\u00edrem do sedentarismo. Aqui, est\u00e3o inscritos diversos atletas, de v\u00e1rios coletivos e munic\u00edpios. Al\u00e9m de tudo, ainda estamos ajudando institui\u00e7\u00f5es que precisam, como igrejas, com a doa\u00e7\u00e3o de alimentos. O nome da nossa corrida \u00e9 em homenagem ao Ivanei, um amigo nosso que tinha um trabalho social no munic\u00edpio, inclusive se vestindo de Papai Noel no Natal para as crian\u00e7as. Ele faleceu em 2020, v\u00edtima de covid-19&#8221;, explicou Charles Figueiredo, de 52 anos, presidente do P\u00e9 de Fogo. Junto com ele, na organiza\u00e7\u00e3o, estava envolvido Jo\u00e3o Batista Saraiva, tamb\u00e9m do coletivo.<\/p>\n\n\n\n<p>Al\u00e9m da corrida, tamb\u00e9m foi desenvolvida uma segunda modalidade no evento: a caminhada, que foi de tr\u00eas quil\u00f4metros.<\/p>\n\n\n\n<p><strong>Vencedores<\/strong>&nbsp;&#8211; Gleiciomar Pereira dos Santos, de 46 anos, foi o vencedor da corrida na categoria masculina. Ele levou para casa o trof\u00e9u de primeiro lugar e cumpriu o trajeto proposto em menos de 17 minutos.<\/p>\n\n\n\n<p>&#8220;Treino corrida h\u00e1 26 anos e tenho o costume de competir sempre, algumas vezes a gente ganha e outras n\u00e3o. E hoje ganhei. \u00c9 uma vit\u00f3ria! Comecei a correr vendo os atletas quenianos e me sinto uma deles quando cruzo a linha de chegada. Fico feliz, pois treino sempre que posso e sou incentivador da corrida, acredito que o esporte d\u00e1 a oportunidade de as pessoas conviverem em uma comunidade de forma saud\u00e1vel&#8221;, contou o soldador, que \u00e9 morador de Itabora\u00ed.<\/p>\n\n\n\n<p>A vencedora da categoria feminina foi Kelly Souza Rodrigues, de 42 anos, que cumpriu o trajeto proposto em cerca de 20 minutos. Ela come\u00e7ou a correr em 2019 junto com o marido, que foi diagnosticado com esteatose hep\u00e1tica, doen\u00e7a caracterizada pelo ac\u00famulo de gordura no f\u00edgado. Desde ent\u00e3o, ela se apaixonou pelo esporte e n\u00e3o parou mais.<\/p>\n\n\n\n<p>&#8220;O m\u00e9dico recomendou que meu marido fizesse exerc\u00edcio f\u00edsico de forma cont\u00ednua. Come\u00e7amos a correr juntos e eu nunca mais parei. Hoje, meu marido est\u00e1 curado e a fam\u00edlia inteira corre. Minha m\u00e3e de 65 anos, por exemplo, est\u00e1 aqui comigo, participando da corrida. Eu treino tr\u00eas vezes na semana e \u00e9 um lazer. \u00c9 muito bom vencer aqui hoje. Sempre incentivo as pessoas e acredito que todos d\u00e3o o seu melhor. \u00c9 um passo de cada vez e ningu\u00e9m deve se comparar ao outro&#8221;, disse a citot\u00e9cnica, que mora no Centro de S\u00e3o Gon\u00e7alo. Kelly tamb\u00e9m venceu a primeira edi\u00e7\u00e3o do evento em 2023.<\/p>\n\n\n\n<p><em>Fotos: Julio Diniz<\/em><\/p>\n\n\n\n<p><em>Texto: Ascom PMSG<\/em><\/p>\n","protected":false},"excerpt":{"rendered":"<p>Iniciativa contou com apoio da Secretaria de Esporte e Lazer da Prefeitura de S\u00e3o Gon\u00e7alo Cerca de 300 corredores participaram&hellip;<\/p>\n","protected":false},"author":5,"featured_media":5532,"comment_status":"open","ping_status":"open","sticky":false,"template":"","format":"standard","meta":{"fifu_image_url":"","fifu_image_alt":"","footnotes":""},"categories":[5],"tags":[],"class_list":["post-5529","post","type-post","status-publish","format-standard","has-post-thumbnail","hentry","category-esportes"],"_links":{"self":[{"href":"https:\/\/sgvaimudar.com.br\/index.php\/wp-json\/wp\/v2\/posts\/5529","targetHints":{"allow":["GET"]}}],"collection":[{"href":"https:\/\/sgvaimudar.com.br\/index.php\/wp-json\/wp\/v2\/posts"}],"about":[{"href":"https:\/\/sgvaimudar.com.br\/index.php\/wp-json\/wp\/v2\/types\/post"}],"author":[{"embeddable":true,"href":"https:\/\/sgvaimudar.com.br\/index.php\/wp-json\/wp\/v2\/users\/5"}],"replies":[{"embeddable":true,"href":"https:\/\/sgvaimudar.com.br\/index.php\/wp-json\/wp\/v2\/comments?post=5529"}],"version-history":[{"count":2,"href":"https:\/\/sgvaimudar.com.br\/index.php\/wp-json\/wp\/v2\/posts\/5529\/revisions"}],"predecessor-version":[{"id":5535,"href":"https:\/\/sgvaimudar.com.br\/index.php\/wp-json\/wp\/v2\/posts\/5529\/revisions\/5535"}],"wp:featuredmedia":[{"embeddable":true,"href":"https:\/\/sgvaimudar.com.br\/index.php\/wp-json\/wp\/v2\/media\/5532"}],"wp:attachment":[{"href":"https:\/\/sgvaimudar.com.br\/index.php\/wp-json\/wp\/v2\/media?parent=5529"}],"wp:term":[{"taxonomy":"category","embeddable":true,"href":"https:\/\/sgvaimudar.com.br\/index.php\/wp-json\/wp\/v2\/categories?post=5529"},{"taxonomy":"post_tag","embeddable":true,"href":"https:\/\/sgvaimudar.com.br\/index.php\/wp-json\/wp\/v2\/tags?post=5529"}],"curies":[{"name":"wp","href":"https:\/\/api.w.org\/{rel}","templated":true}]}}