{"id":5464,"date":"2024-04-30T14:00:00","date_gmt":"2024-04-30T17:00:00","guid":{"rendered":"https:\/\/sgvaimudar.com.br\/?p=5464"},"modified":"2024-04-29T19:12:31","modified_gmt":"2024-04-29T22:12:31","slug":"prefeito-capitao-nelson-reinaugura-centro-dia-em-vista-alegre","status":"publish","type":"post","link":"https:\/\/sgvaimudar.com.br\/index.php\/2024\/04\/30\/prefeito-capitao-nelson-reinaugura-centro-dia-em-vista-alegre\/","title":{"rendered":"Prefeito Capit\u00e3o Nelson reinaugura Centro-Dia em Vista Alegre"},"content":{"rendered":"\n<p>O prefeito Capit\u00e3o Nelson, acompanhado das equipes da Secretaria de Assist\u00eancia Social e da Subsecretaria da Pessoa com Defici\u00eancia, reinaugurou, na sexta-feira (26), o Centro-Dia para Pessoa com Defici\u00eancia e suas Fam\u00edlias. O local, localizado no bairro de Vista Alegre, passou por obras de revitaliza\u00e7\u00e3o nesta gest\u00e3o e ganhou uma cara nova. <\/p>\n\n\n\n<figure class=\"wp-block-image size-large\"><img fetchpriority=\"high\" decoding=\"async\" width=\"1024\" height=\"684\" src=\"https:\/\/sgvaimudar.com.br\/wp-content\/uploads\/2024\/04\/unnamed-43-1024x684.jpg\" alt=\"\" class=\"wp-image-5465\" srcset=\"https:\/\/sgvaimudar.com.br\/wp-content\/uploads\/2024\/04\/unnamed-43-1024x684.jpg 1024w, https:\/\/sgvaimudar.com.br\/wp-content\/uploads\/2024\/04\/unnamed-43-300x200.jpg 300w, https:\/\/sgvaimudar.com.br\/wp-content\/uploads\/2024\/04\/unnamed-43-768x513.jpg 768w, https:\/\/sgvaimudar.com.br\/wp-content\/uploads\/2024\/04\/unnamed-43-1536x1027.jpg 1536w, https:\/\/sgvaimudar.com.br\/wp-content\/uploads\/2024\/04\/unnamed-43.jpg 1616w\" sizes=\"(max-width: 1024px) 100vw, 1024px\" \/><\/figure>\n\n\n\n<p>O Centro-Dia de S\u00e3o Gon\u00e7alo \u00e9 o \u00fanico equipamento do tipo na Regi\u00e3o Metropolitana e nele s\u00e3o desenvolvidas v\u00e1rias atividades, como oficinas de artes e m\u00fasica, por exemplo.<\/p>\n\n\n\n<p>&#8220;O equipamento atende jovens e adultos, na faixa et\u00e1ria dos 18 aos 59 anos, com defici\u00eancia (exceto defici\u00eancias psiqui\u00e1tricas). No local, existe uma equipe formada por terapeuta ocupacional, pedagoga, psic\u00f3loga e assistente social, al\u00e9m de cuidadores. Tamb\u00e9m s\u00e3o ofertadas diversas oficinas terap\u00eauticas, como artesanato, m\u00fasica, culin\u00e1ria e atividades de vida di\u00e1ria, al\u00e9m de atividades recreativas ocupacionais, de promo\u00e7\u00e3o de sa\u00fade e cuidados b\u00e1sicos de vida di\u00e1ria&#8221;, disse o Executivo no texto.<\/p>\n\n\n\n<figure class=\"wp-block-image size-large\"><img decoding=\"async\" width=\"1024\" height=\"684\" src=\"https:\/\/sgvaimudar.com.br\/wp-content\/uploads\/2024\/04\/unnamed-42-1024x684.jpg\" alt=\"\" class=\"wp-image-5466\" srcset=\"https:\/\/sgvaimudar.com.br\/wp-content\/uploads\/2024\/04\/unnamed-42-1024x684.jpg 1024w, https:\/\/sgvaimudar.com.br\/wp-content\/uploads\/2024\/04\/unnamed-42-300x200.jpg 300w, https:\/\/sgvaimudar.com.br\/wp-content\/uploads\/2024\/04\/unnamed-42-768x513.jpg 768w, https:\/\/sgvaimudar.com.br\/wp-content\/uploads\/2024\/04\/unnamed-42-1536x1027.jpg 1536w, https:\/\/sgvaimudar.com.br\/wp-content\/uploads\/2024\/04\/unnamed-42.jpg 1616w\" sizes=\"(max-width: 1024px) 100vw, 1024px\" \/><\/figure>\n\n\n\n<p>O Centro-Dia foi inaugurado pela primeira vez em 2014. Desde ent\u00e3o, o local vinha sendo utilizado, mas estava ficando com uma estrutura deteriorada. Pensando nisso, equipes da Secretaria de Gest\u00e3o Integrada e Projetos Especiais (Semgipe) desenvolveram o projeto do novo espa\u00e7o e a reforma foi feita. Agora, o local possui salas de descanso, de oficinas, de espera das m\u00e3es, de psicologia, cozinha para a oficina de culin\u00e1ria, banheiros adaptados, espa\u00e7os para t\u00e9cnicos e pessoal administrativo.<\/p>\n\n\n\n<p>O prefeito ressaltou a import\u00e2ncia do trabalho que vem sendo feito pela Secretaria de Assist\u00eancia Social no munic\u00edpio.\u00a0<\/p>\n\n\n\n<p>&#8220;\u00c9 uma satisfa\u00e7\u00e3o estar entregando mais um equipamento da Assist\u00eancia Social. Este \u00e9 o \u00fanico equipamento do tipo que existe na Regi\u00e3o Metropolitana e quero parabenizar os envolvidos por isso. Estamos cuidando da nossa popula\u00e7\u00e3o. Aqui no Centro-Dia conseguimos promover a conviv\u00eancia entre as pessoas PcDs e desenvolver a aprendizagem delas,\u00a0com apoio de profissionais especializados&#8221;, afirmou o prefeito.<\/p>\n\n\n\n<p>Felippe Mattos Monteiro, secret\u00e1rio de Assist\u00eancia Social, ressaltou que esse \u00e9 mais um equipamento para atender as demandas da popula\u00e7\u00e3o de S\u00e3o Gon\u00e7alo.&nbsp;<\/p>\n\n\n\n<p>&#8220;Esse \u00e9 mais um trabalho finalizado. Estamos sempre buscando capacitar as nossas equipes para que a popula\u00e7\u00e3o seja atendida da melhor forma, como solicitado pelo prefeito&#8221;, disse.<\/p>\n\n\n\n<p>Ana Paula Teixeira de Oliveira \u00e9 a atual respons\u00e1vel pela Subsecretaria da Pessoa com Defici\u00eancia. Segundo ela, o objetivo do espa\u00e7o \u00e9 promover a prote\u00e7\u00e3o, a orienta\u00e7\u00e3o e a inclus\u00e3o das Pessoas com Defici\u00eancia.&nbsp;<\/p>\n\n\n\n<p>&#8220;Aqui no Centro-Dia buscamos o aumento da autonomia e independ\u00eancia das pessoas com defici\u00eancia por meio de atividades para o enfrentamento das barreiras de inclus\u00e3o social. Buscamos promover tamb\u00e9m a conviv\u00eancia, o fortalecimento&nbsp;dos v\u00ednculos e rela\u00e7\u00f5es sociais e outros, al\u00e9m de apoio e orienta\u00e7\u00e3o aos familiares. O Centro-Dia est\u00e1 aberto para toda a popula\u00e7\u00e3o de&nbsp;S\u00e3o Gon\u00e7alo&#8221;, disse ela.<\/p>\n\n\n\n<p>As Pessoas com Defici\u00eancia que desejam frequentar o espa\u00e7o e conhecer mais das oficinas podem se dirigir at\u00e9 o Centro-Dia localizado na Estrada S\u00e3o Pedro, em Vista Alegre (ao lado do CRAS de Vista Alegre). \u00c9 necess\u00e1rio levar o laudo m\u00e9dico mais recente, a receita de medica\u00e7\u00e3o que a pessoa est\u00e1 tomando e o comprovante de resid\u00eancia do munic\u00edpio. Depois, o candidato passar\u00e1 por um processo de triagem. <\/p>\n\n\n\n<p>Os pais das PcDs tamb\u00e9m realizam algumas oficinas no Centro-Dia. O local revitalizado ir\u00e1 funcionar das 9h \u00e0s 16h, de segunda a sexta-feira. Tamb\u00e9m \u00e9 poss\u00edvel realizar o contato com o local pelo e-mail:\u00a0<a rel=\"noreferrer noopener\" href=\"mailto:centrodia.sg.rj@gmail.com\" target=\"_blank\">centrodia.sg.rj@gmail.com<\/a><\/p>\n\n\n\n<p>Tamb\u00e9m estavam presentes no evento: o vice-prefeito Sergio Gev\u00fa; o secret\u00e1rio municipal de Conserva\u00e7\u00e3o Edson Leal; Ana Cristina da Silva, subsecretaria municipal de Pol\u00edticas P\u00fablicas para as Mulheres; e Wagner Ventura, subsecret\u00e1rio de Trabalho.&nbsp;<\/p>\n\n\n\n<p>Pessoas que j\u00e1 utilizam o espa\u00e7o &#8211; A revitaliza\u00e7\u00e3o do Centro-Dia tamb\u00e9m foi comemorada pelas dezenas de fam\u00edlias que j\u00e1 utilizam o servi\u00e7o do Centro-Dia, desde antes da revitaliza\u00e7\u00e3o. Uma delas \u00e9 M\u00e1rcia da Concei\u00e7\u00e3o, de 53 anos. Ela leva a filha J\u00e9ssica, de 28 anos, ao local. J\u00e9ssica foi diagnosticada com defici\u00eancia mental e autismo.<\/p>\n\n\n\n<p>&#8220;Minha filha faz oficina de m\u00fasica e arte. Estamos aqui desde mar\u00e7o de 2014. Para J\u00e9ssica as oficinas s\u00e3o importantes,&nbsp;j\u00e1 que ela tem um atraso na fala. Mas aqui dentro isso foi desenvolvido melhor, al\u00e9m das fun\u00e7\u00f5es cognitivas, motoras e psicol\u00f3gicas e a conviv\u00eancia com outras pessoas. Os incentivos que ela possui aqui, o aprendizado desenvolvido, faz com que ela me ajude at\u00e9 dentro de casa. A J\u00e9ssica tem prazer de estar aqui. Hoje, depois dessa revitaliza\u00e7\u00e3o, me sinto realizada como m\u00e3e&#8221;, comemorou a moradora do Jardim Catarina.<\/p>\n\n\n\n<p><em>Fotos: Renan Otto<\/em><\/p>\n\n\n\n<p><em>Texto: Ascom PMSG<\/em><\/p>\n","protected":false},"excerpt":{"rendered":"<p>O prefeito Capit\u00e3o Nelson, acompanhado das equipes da Secretaria de Assist\u00eancia Social e da Subsecretaria da Pessoa com Defici\u00eancia, reinaugurou,&hellip;<\/p>\n","protected":false},"author":5,"featured_media":5468,"comment_status":"open","ping_status":"open","sticky":false,"template":"","format":"standard","meta":{"fifu_image_url":"","fifu_image_alt":"","footnotes":""},"categories":[7],"tags":[],"class_list":["post-5464","post","type-post","status-publish","format-standard","has-post-thumbnail","hentry","category-saude"],"_links":{"self":[{"href":"https:\/\/sgvaimudar.com.br\/index.php\/wp-json\/wp\/v2\/posts\/5464","targetHints":{"allow":["GET"]}}],"collection":[{"href":"https:\/\/sgvaimudar.com.br\/index.php\/wp-json\/wp\/v2\/posts"}],"about":[{"href":"https:\/\/sgvaimudar.com.br\/index.php\/wp-json\/wp\/v2\/types\/post"}],"author":[{"embeddable":true,"href":"https:\/\/sgvaimudar.com.br\/index.php\/wp-json\/wp\/v2\/users\/5"}],"replies":[{"embeddable":true,"href":"https:\/\/sgvaimudar.com.br\/index.php\/wp-json\/wp\/v2\/comments?post=5464"}],"version-history":[{"count":1,"href":"https:\/\/sgvaimudar.com.br\/index.php\/wp-json\/wp\/v2\/posts\/5464\/revisions"}],"predecessor-version":[{"id":5467,"href":"https:\/\/sgvaimudar.com.br\/index.php\/wp-json\/wp\/v2\/posts\/5464\/revisions\/5467"}],"wp:featuredmedia":[{"embeddable":true,"href":"https:\/\/sgvaimudar.com.br\/index.php\/wp-json\/wp\/v2\/media\/5468"}],"wp:attachment":[{"href":"https:\/\/sgvaimudar.com.br\/index.php\/wp-json\/wp\/v2\/media?parent=5464"}],"wp:term":[{"taxonomy":"category","embeddable":true,"href":"https:\/\/sgvaimudar.com.br\/index.php\/wp-json\/wp\/v2\/categories?post=5464"},{"taxonomy":"post_tag","embeddable":true,"href":"https:\/\/sgvaimudar.com.br\/index.php\/wp-json\/wp\/v2\/tags?post=5464"}],"curies":[{"name":"wp","href":"https:\/\/api.w.org\/{rel}","templated":true}]}}