{"id":5459,"date":"2024-04-30T13:00:00","date_gmt":"2024-04-30T16:00:00","guid":{"rendered":"https:\/\/sgvaimudar.com.br\/?p=5459"},"modified":"2024-04-29T18:43:33","modified_gmt":"2024-04-29T21:43:33","slug":"prefeitura-abre-inscricoes-para-nova-turma-de-panificacao","status":"publish","type":"post","link":"https:\/\/sgvaimudar.com.br\/index.php\/2024\/04\/30\/prefeitura-abre-inscricoes-para-nova-turma-de-panificacao\/","title":{"rendered":"Prefeitura abre inscri\u00e7\u00f5es para nova turma de panifica\u00e7\u00e3o"},"content":{"rendered":"\n<p>Est\u00e3o abertas as inscri\u00e7\u00f5es para a nova turma do curso de panifica\u00e7\u00e3o da Padaria Escola, promovido pela Prefeitura de S\u00e3o Gon\u00e7alo, por meio da Secretaria de Assist\u00eancia Social, atrav\u00e9s da Subsecretaria de Prote\u00e7\u00e3o Social B\u00e1sica, em parceria com o Programa Nacional de Promo\u00e7\u00e3o ao Acesso ao Mundo do Trabalho (Acessuas), do Governo Federal.<\/p>\n\n\n\n<p><strong>O PROJETO <\/strong>\u2013 Com in\u00edcio em 2004, o projeto  havia encerrado suas atividades em 2014, mas foi retomado no primeiro ano da gest\u00e3o do prefeito Capit\u00e3o Nelson, em 2021, ap\u00f3s passar por uma reformula\u00e7\u00e3o para melhor atender os participantes. Desde a reformula\u00e7\u00e3o, mais de 400 novos padeiros foram formados.<\/p>\n\n\n\n<p>As inscri\u00e7\u00f5es devem ser feitas, at\u00e9 esta quarta-feira (1\u00ba), atrav\u00e9s do link&nbsp;<a href=\"https:\/\/click.cse360.com.br\/Click\/AddCampaignEmailClick\/313f60e9-2610-4c68-659b-08dc6613fc17\/https%253a%252f%252fforms.gle%252fxH6cXcEXAbLvfL7s6\/ac66966e-2b55-4484-fb2c-08dc491eed5f\/jornalistaws@gmail.com\/False\" rel=\"noreferrer noopener\" target=\"_blank\">https:\/\/forms.gle\/xH6cXcEXAbLvfL7s6<\/a><\/p>\n\n\n\n<p>Dentro do conte\u00fado da capacita\u00e7\u00e3o est\u00e3o aulas de massa branca, diversos tipos de p\u00e3es, sonho de noiva, biscoitos diversos, al\u00e9m de ensinamentos sobre empreendedorismo.<\/p>\n\n\n\n<p>A previs\u00e3o \u00e9 de que as aulas da nova turma, ministradas pelo professor Cl\u00e1udio M\u00e1rcio Marinho, comecem no m\u00eas de julho, nas depend\u00eancias do CRAS de Vista Alegre.<\/p>\n\n\n\n<p><em>Foto: Renan Otto<\/em><\/p>\n","protected":false},"excerpt":{"rendered":"<p>Est\u00e3o abertas as inscri\u00e7\u00f5es para a nova turma do curso de panifica\u00e7\u00e3o da Padaria Escola, promovido pela Prefeitura de S\u00e3o&hellip;<\/p>\n","protected":false},"author":5,"featured_media":5461,"comment_status":"open","ping_status":"open","sticky":false,"template":"","format":"standard","meta":{"fifu_image_url":"","fifu_image_alt":"","footnotes":""},"categories":[3],"tags":[],"class_list":["post-5459","post","type-post","status-publish","format-standard","has-post-thumbnail","hentry","category-sao-goncalo"],"_links":{"self":[{"href":"https:\/\/sgvaimudar.com.br\/index.php\/wp-json\/wp\/v2\/posts\/5459","targetHints":{"allow":["GET"]}}],"collection":[{"href":"https:\/\/sgvaimudar.com.br\/index.php\/wp-json\/wp\/v2\/posts"}],"about":[{"href":"https:\/\/sgvaimudar.com.br\/index.php\/wp-json\/wp\/v2\/types\/post"}],"author":[{"embeddable":true,"href":"https:\/\/sgvaimudar.com.br\/index.php\/wp-json\/wp\/v2\/users\/5"}],"replies":[{"embeddable":true,"href":"https:\/\/sgvaimudar.com.br\/index.php\/wp-json\/wp\/v2\/comments?post=5459"}],"version-history":[{"count":1,"href":"https:\/\/sgvaimudar.com.br\/index.php\/wp-json\/wp\/v2\/posts\/5459\/revisions"}],"predecessor-version":[{"id":5460,"href":"https:\/\/sgvaimudar.com.br\/index.php\/wp-json\/wp\/v2\/posts\/5459\/revisions\/5460"}],"wp:featuredmedia":[{"embeddable":true,"href":"https:\/\/sgvaimudar.com.br\/index.php\/wp-json\/wp\/v2\/media\/5461"}],"wp:attachment":[{"href":"https:\/\/sgvaimudar.com.br\/index.php\/wp-json\/wp\/v2\/media?parent=5459"}],"wp:term":[{"taxonomy":"category","embeddable":true,"href":"https:\/\/sgvaimudar.com.br\/index.php\/wp-json\/wp\/v2\/categories?post=5459"},{"taxonomy":"post_tag","embeddable":true,"href":"https:\/\/sgvaimudar.com.br\/index.php\/wp-json\/wp\/v2\/tags?post=5459"}],"curies":[{"name":"wp","href":"https:\/\/api.w.org\/{rel}","templated":true}]}}