{"id":5452,"date":"2024-04-30T10:00:00","date_gmt":"2024-04-30T13:00:00","guid":{"rendered":"https:\/\/sgvaimudar.com.br\/?p=5452"},"modified":"2024-04-30T10:35:36","modified_gmt":"2024-04-30T13:35:36","slug":"nova-praca-do-colubande-ganha-instalacao-de-nova-rede-de-drenagem","status":"publish","type":"post","link":"https:\/\/sgvaimudar.com.br\/index.php\/2024\/04\/30\/nova-praca-do-colubande-ganha-instalacao-de-nova-rede-de-drenagem\/","title":{"rendered":"Nova pra\u00e7a do Coluband\u00ea ganha instala\u00e7\u00e3o de nova rede de drenagem"},"content":{"rendered":"\n<p>As obras na Pra\u00e7a do Coluband\u00ea e no seu entorno seguem avan\u00e7ando. Uma nova faixa de tr\u00e2nsito est\u00e1 sendo constru\u00edda no local, onde tamb\u00e9m est\u00e3o sendo instaladas manilhas para rede de drenagem de \u00e1guas pluviais. As interdi\u00e7\u00f5es est\u00e3o sendo feitas pela Secretaria de Transportes da Prefeitura de S\u00e3o Gon\u00e7alo e t\u00eam como objetivo revitalizar a pra\u00e7a e reordenar o tr\u00e2nsito na regi\u00e3o, que recebe um fluxo intenso de caminh\u00f5es por ser pr\u00f3xima \u00e0 Ceasa.<\/p>\n\n\n\n<figure class=\"wp-block-image size-large\"><img fetchpriority=\"high\" decoding=\"async\" width=\"1024\" height=\"684\" src=\"https:\/\/sgvaimudar.com.br\/wp-content\/uploads\/2024\/04\/unnamed-38-1024x684.jpg\" alt=\"\" class=\"wp-image-5453\" srcset=\"https:\/\/sgvaimudar.com.br\/wp-content\/uploads\/2024\/04\/unnamed-38-1024x684.jpg 1024w, https:\/\/sgvaimudar.com.br\/wp-content\/uploads\/2024\/04\/unnamed-38-300x200.jpg 300w, https:\/\/sgvaimudar.com.br\/wp-content\/uploads\/2024\/04\/unnamed-38-768x513.jpg 768w, https:\/\/sgvaimudar.com.br\/wp-content\/uploads\/2024\/04\/unnamed-38-1536x1027.jpg 1536w, https:\/\/sgvaimudar.com.br\/wp-content\/uploads\/2024\/04\/unnamed-38.jpg 1616w\" sizes=\"(max-width: 1024px) 100vw, 1024px\" \/><\/figure>\n\n\n\n<p>As interven\u00e7\u00f5es na pra\u00e7a tiveram in\u00edcio no final de fevereiro e possuem um prazo de conclus\u00e3o de 180 dias. O projeto da obra surgiu a partir do Plano Estrat\u00e9gico Novos Rumos e foi elaborado pelas secretarias de Transportes e de Gest\u00e3o Integrada e Projetos Especiais.<\/p>\n\n\n\n<figure class=\"wp-block-image size-large\"><img decoding=\"async\" width=\"1024\" height=\"684\" src=\"https:\/\/sgvaimudar.com.br\/wp-content\/uploads\/2024\/04\/unnamed-39-1024x684.jpg\" alt=\"\" class=\"wp-image-5456\" srcset=\"https:\/\/sgvaimudar.com.br\/wp-content\/uploads\/2024\/04\/unnamed-39-1024x684.jpg 1024w, https:\/\/sgvaimudar.com.br\/wp-content\/uploads\/2024\/04\/unnamed-39-300x200.jpg 300w, https:\/\/sgvaimudar.com.br\/wp-content\/uploads\/2024\/04\/unnamed-39-768x513.jpg 768w, https:\/\/sgvaimudar.com.br\/wp-content\/uploads\/2024\/04\/unnamed-39-1536x1027.jpg 1536w, https:\/\/sgvaimudar.com.br\/wp-content\/uploads\/2024\/04\/unnamed-39.jpg 1616w\" sizes=\"(max-width: 1024px) 100vw, 1024px\" \/><\/figure>\n\n\n\n<p>A nova pra\u00e7a, que segue os moldes do projeto Pra\u00e7a Renovada, ter\u00e1 um playground, academia para o idoso, paraciclos, o primeiro ParC\u00e3o (focado nos pets) do munic\u00edpio, mobili\u00e1rios e outros.<\/p>\n\n\n\n<p>O projeto anima quem passa pelo local. O aposentado Roberto Jorge \u00e9 morador do bairro Porto do Rosa, mas tem o costume de frequentar a Ceasa. Segundo ele, as obras de revitaliza\u00e7\u00e3o da Pra\u00e7a do Coluband\u00ea v\u00e3o deixar o bairro mais bonito. &#8220;Gostei muito dessa obra. Antes, a pra\u00e7a tava suja, era p\u00e9ssimo, fora o tr\u00e2nsito desorganizado. Agora, vai melhorar tudo e vai ser uma boa&#8221;, comentou ele, que tem 76 anos.<\/p>\n\n\n\n<figure class=\"wp-block-image size-large\"><img decoding=\"async\" width=\"1024\" height=\"684\" src=\"https:\/\/sgvaimudar.com.br\/wp-content\/uploads\/2024\/04\/unnamed-37-1024x684.jpg\" alt=\"\" class=\"wp-image-5455\" srcset=\"https:\/\/sgvaimudar.com.br\/wp-content\/uploads\/2024\/04\/unnamed-37-1024x684.jpg 1024w, https:\/\/sgvaimudar.com.br\/wp-content\/uploads\/2024\/04\/unnamed-37-300x200.jpg 300w, https:\/\/sgvaimudar.com.br\/wp-content\/uploads\/2024\/04\/unnamed-37-768x513.jpg 768w, https:\/\/sgvaimudar.com.br\/wp-content\/uploads\/2024\/04\/unnamed-37-1536x1027.jpg 1536w, https:\/\/sgvaimudar.com.br\/wp-content\/uploads\/2024\/04\/unnamed-37.jpg 1616w\" sizes=\"(max-width: 1024px) 100vw, 1024px\" \/><\/figure>\n\n\n\n<p>As palmeiras que ficavam na pra\u00e7a foram retiradas pelo Departamento de Parques e Jardins da Secretaria de Conserva\u00e7\u00e3o. De l\u00e1, as \u00e1rvores foram replantadas na \u00c1rea de Prote\u00e7\u00e3o Ambiental (APA) de Maria Paula, na obra do polo de autope\u00e7as do Jardim Alc\u00e2ntara e \u00e0s margens da RJ-104. Um novo projeto de paisagismo ser\u00e1 executado na pra\u00e7a.<\/p>\n\n\n\n<p><em>Fotos: Renan Otto<\/em><\/p>\n\n\n\n<p><em>Texto: Ascom PMSG<\/em><\/p>\n","protected":false},"excerpt":{"rendered":"<p>As obras na Pra\u00e7a do Coluband\u00ea e no seu entorno seguem avan\u00e7ando. Uma nova faixa de tr\u00e2nsito est\u00e1 sendo constru\u00edda&hellip;<\/p>\n","protected":false},"author":5,"featured_media":5458,"comment_status":"open","ping_status":"open","sticky":false,"template":"","format":"standard","meta":{"fifu_image_url":"","fifu_image_alt":"","footnotes":""},"categories":[3],"tags":[],"class_list":["post-5452","post","type-post","status-publish","format-standard","has-post-thumbnail","hentry","category-sao-goncalo"],"_links":{"self":[{"href":"https:\/\/sgvaimudar.com.br\/index.php\/wp-json\/wp\/v2\/posts\/5452","targetHints":{"allow":["GET"]}}],"collection":[{"href":"https:\/\/sgvaimudar.com.br\/index.php\/wp-json\/wp\/v2\/posts"}],"about":[{"href":"https:\/\/sgvaimudar.com.br\/index.php\/wp-json\/wp\/v2\/types\/post"}],"author":[{"embeddable":true,"href":"https:\/\/sgvaimudar.com.br\/index.php\/wp-json\/wp\/v2\/users\/5"}],"replies":[{"embeddable":true,"href":"https:\/\/sgvaimudar.com.br\/index.php\/wp-json\/wp\/v2\/comments?post=5452"}],"version-history":[{"count":1,"href":"https:\/\/sgvaimudar.com.br\/index.php\/wp-json\/wp\/v2\/posts\/5452\/revisions"}],"predecessor-version":[{"id":5457,"href":"https:\/\/sgvaimudar.com.br\/index.php\/wp-json\/wp\/v2\/posts\/5452\/revisions\/5457"}],"wp:featuredmedia":[{"embeddable":true,"href":"https:\/\/sgvaimudar.com.br\/index.php\/wp-json\/wp\/v2\/media\/5458"}],"wp:attachment":[{"href":"https:\/\/sgvaimudar.com.br\/index.php\/wp-json\/wp\/v2\/media?parent=5452"}],"wp:term":[{"taxonomy":"category","embeddable":true,"href":"https:\/\/sgvaimudar.com.br\/index.php\/wp-json\/wp\/v2\/categories?post=5452"},{"taxonomy":"post_tag","embeddable":true,"href":"https:\/\/sgvaimudar.com.br\/index.php\/wp-json\/wp\/v2\/tags?post=5452"}],"curies":[{"name":"wp","href":"https:\/\/api.w.org\/{rel}","templated":true}]}}