{"id":5438,"date":"2024-04-29T14:00:00","date_gmt":"2024-04-29T17:00:00","guid":{"rendered":"https:\/\/sgvaimudar.com.br\/?p=5438"},"modified":"2024-04-29T17:59:27","modified_gmt":"2024-04-29T20:59:27","slug":"5438","status":"publish","type":"post","link":"https:\/\/sgvaimudar.com.br\/index.php\/2024\/04\/29\/5438\/","title":{"rendered":"Covid: Secretaria de Sa\u00fade reduz locais de vacina\u00e7\u00e3o devido a baixo estoque"},"content":{"rendered":"\n<p>A vacina\u00e7\u00e3o contra o coronav\u00edrus com o imunizante bivalente est\u00e1 dispon\u00edvel nos cinco polos sanit\u00e1rios de S\u00e3o Gon\u00e7alo. A Secretaria de Sa\u00fade informou a redu\u00e7\u00e3o dos locais de aplica\u00e7\u00e3o devido ao baixo estoque da vacina. Ainda n\u00e3o h\u00e1 previs\u00e3o de reabastecimento. Os polos sanit\u00e1rios funcionam de segunda-feira a sexta-feira, das 8h \u00e0s 17h, e a vacina\u00e7\u00e3o ser\u00e1 mantida at\u00e9 o fim das doses dispon\u00edveis.&nbsp;&nbsp;&nbsp;<\/p>\n\n\n\n<p>&nbsp;&nbsp;&nbsp;&nbsp;&nbsp;O imunizante bivalente \u00e9 o \u00fanico, atualmente, disponibilizado pelo Minist\u00e9rio da Sa\u00fade para os maiores de 18 anos e imunossuprimidos a partir dos 12 anos. Com o novo esquema de vacina\u00e7\u00e3o recomendado pelo Minist\u00e9rio da Sa\u00fade, os gon\u00e7alenses com mais de 60 anos e imunossuprimidos com mais de 12 anos que t\u00eam mais de seis meses de intervalo da aplica\u00e7\u00e3o da vacina bivalente contra o coronav\u00edrus podem tomar o refor\u00e7o do imunizante.&nbsp;<\/p>\n\n\n\n<p>&nbsp;&nbsp;&nbsp;&nbsp;A primeira dose da bivalente pode ser aplicada nos maiores de 18 anos. Os imunossuprimidos, gestantes e pu\u00e9rperas (at\u00e9 45 dias ap\u00f3s o parto) e pessoas com defici\u00eancia permanente com mais de 12 anos tamb\u00e9m podem receber a vacina bivalente. Para os demais p\u00fablicos, as doses est\u00e3o dispon\u00edveis conforme o esquema de vacina\u00e7\u00e3o de cada indiv\u00edduo.&nbsp;<\/p>\n\n\n\n<p>&nbsp;&nbsp;&nbsp;&nbsp;A mudan\u00e7a para a aplica\u00e7\u00e3o da dose de refor\u00e7o da vacina bivalente para grupos priorit\u00e1rios \u00e9 uma recomenda\u00e7\u00e3o do Minist\u00e9rio da Sa\u00fade. O intervalo m\u00ednimo para administra\u00e7\u00e3o da dose de refor\u00e7o \u00e9 de seis meses para pessoas com 60 anos ou mais, gestantes e pu\u00e9rperas e imunocomprometidos. A partir deste ano, para os demais grupos priorit\u00e1rios, ser\u00e1 aplicada uma dose anual.<\/p>\n\n\n\n<p>&nbsp;&nbsp;&nbsp;Os grupos priorit\u00e1rios que ter\u00e3o dose de refor\u00e7o anual da vacina contra o coronav\u00edrus s\u00e3o: pessoas que vivem em institui\u00e7\u00f5es de longa perman\u00eancia (Ilpis), ind\u00edgenas, trabalhadores da sa\u00fade, pessoas com comorbidades, pessoas com defici\u00eancia permanente, pessoas privadas de liberdade e adolescentes cumprindo medidas socioeducativas, profissionais do sistema prisional e pessoas em situa\u00e7\u00e3o de rua.&nbsp;<\/p>\n\n\n\n<p>&nbsp;&nbsp;Para as crian\u00e7as entre seis meses e 4 anos, 11 meses e 29 dias, a vacina\u00e7\u00e3o entrou para o calend\u00e1rio nacional de vacina\u00e7\u00e3o infantil. A idade recomendada para a vacina\u00e7\u00e3o \u00e9: primeira dose aos 6 meses; segunda dose aos 7 meses e terceira dose aos 9 meses de idade. O intervalo recomendado \u00e9 de 4 semanas entre a primeira e a segunda dose e 8 semanas entre a segunda e a terceira dose.<\/p>\n\n\n\n<p>&nbsp;&nbsp;&nbsp;&nbsp;&nbsp;Para os demais p\u00fablicos, o refor\u00e7o n\u00e3o est\u00e1 recomendado. Contudo, se um indiv\u00edduo que n\u00e3o tenha sido vacinado anteriormente (nenhuma dose pr\u00e9via) ou que tenha recebido apenas uma dose da vacina contra a covid-19 optar por se vacinar, poder\u00e1 iniciar e\/ou completar o esquema prim\u00e1rio de vacina\u00e7\u00e3o, que consiste em duas doses da vacina dispon\u00edvel e recomendada para a idade, com intervalo m\u00ednimo de 4 semanas entre as doses.<\/p>\n\n\n\n<p>&nbsp;&nbsp;&nbsp;&nbsp;&nbsp;Para que a vacina\u00e7\u00e3o seja garantida, os gon\u00e7alenses devem chegar meia hora antes da previs\u00e3o de fechamento das unidades em todos os dias de funcionamento. Para a imuniza\u00e7\u00e3o, os gon\u00e7alenses devem levar identifica\u00e7\u00e3o pessoal e comprova\u00e7\u00e3o das vacina\u00e7\u00f5es anteriores, caso haja.&nbsp;&nbsp;&nbsp;<\/p>\n\n\n\n<p><strong>Locais de vacina\u00e7\u00e3o de seis meses a 11 anos, 11 meses e 29 dias:<\/strong><\/p>\n\n\n\n<p>1 \u2013 Polo Sanit\u00e1rio H\u00e9lio Cruz, Alc\u00e2ntara<\/p>\n\n\n\n<p>2 \u2013 Polo Sanit\u00e1rio Jorge Teixeira de Lima, Jardim Catarina<\/p>\n\n\n\n<p>3 \u2013 Polo Sanit\u00e1rio Paulo Marques Rangel, Porto do Rosa<\/p>\n\n\n\n<p>4 \u2013 Polo Sanit\u00e1rio Washington Luiz Lopes, Z\u00e9 Garoto<\/p>\n\n\n\n<p>5 \u2013 Polo Sanit\u00e1rio Augusto Sena, Rio do Ouro<\/p>\n\n\n\n<p>6 \u2013 Cl\u00ednica Gon\u00e7alense do Mutondo<\/p>\n\n\n\n<p>7 \u2013 USF Alexander Fleming, Boa\u00e7u<\/p>\n\n\n\n<p>8 \u2013 Cl\u00ednica Municipal da Fam\u00edlia Dr. Zerbini, Arsenal<\/p>\n\n\n\n<p><strong>Locais de vacina\u00e7\u00e3o contra o coronav\u00edrus acima de 18 anos e<\/strong>&nbsp;<strong>imunossuprimidos a partir dos 12 anos:<\/strong><\/p>\n\n\n\n<p>1 \u2013 Polo Sanit\u00e1rio Paulo Marques Rangel, Porto do Rosa<\/p>\n\n\n\n<p>2 \u2013 Polo Sanit\u00e1rio Washington Luiz Lopes, Z\u00e9 Garoto<\/p>\n\n\n\n<p>3 \u2013 Polo Sanit\u00e1rio H\u00e9lio Cruz, Alc\u00e2ntara<\/p>\n\n\n\n<p>4 \u2013 Polo Sanit\u00e1rio Rio do Ouro<\/p>\n\n\n\n<p>5 \u2013 Polo Sanit\u00e1rio Jorge Teixeira de Lima, Jardim Catarina.<\/p>\n","protected":false},"excerpt":{"rendered":"<p>A vacina\u00e7\u00e3o contra o coronav\u00edrus com o imunizante bivalente est\u00e1 dispon\u00edvel nos cinco polos sanit\u00e1rios de S\u00e3o Gon\u00e7alo. A Secretaria&hellip;<\/p>\n","protected":false},"author":5,"featured_media":5439,"comment_status":"open","ping_status":"open","sticky":false,"template":"","format":"standard","meta":{"fifu_image_url":"","fifu_image_alt":"","footnotes":""},"categories":[7],"tags":[],"class_list":["post-5438","post","type-post","status-publish","format-standard","has-post-thumbnail","hentry","category-saude"],"_links":{"self":[{"href":"https:\/\/sgvaimudar.com.br\/index.php\/wp-json\/wp\/v2\/posts\/5438","targetHints":{"allow":["GET"]}}],"collection":[{"href":"https:\/\/sgvaimudar.com.br\/index.php\/wp-json\/wp\/v2\/posts"}],"about":[{"href":"https:\/\/sgvaimudar.com.br\/index.php\/wp-json\/wp\/v2\/types\/post"}],"author":[{"embeddable":true,"href":"https:\/\/sgvaimudar.com.br\/index.php\/wp-json\/wp\/v2\/users\/5"}],"replies":[{"embeddable":true,"href":"https:\/\/sgvaimudar.com.br\/index.php\/wp-json\/wp\/v2\/comments?post=5438"}],"version-history":[{"count":3,"href":"https:\/\/sgvaimudar.com.br\/index.php\/wp-json\/wp\/v2\/posts\/5438\/revisions"}],"predecessor-version":[{"id":5443,"href":"https:\/\/sgvaimudar.com.br\/index.php\/wp-json\/wp\/v2\/posts\/5438\/revisions\/5443"}],"wp:featuredmedia":[{"embeddable":true,"href":"https:\/\/sgvaimudar.com.br\/index.php\/wp-json\/wp\/v2\/media\/5439"}],"wp:attachment":[{"href":"https:\/\/sgvaimudar.com.br\/index.php\/wp-json\/wp\/v2\/media?parent=5438"}],"wp:term":[{"taxonomy":"category","embeddable":true,"href":"https:\/\/sgvaimudar.com.br\/index.php\/wp-json\/wp\/v2\/categories?post=5438"},{"taxonomy":"post_tag","embeddable":true,"href":"https:\/\/sgvaimudar.com.br\/index.php\/wp-json\/wp\/v2\/tags?post=5438"}],"curies":[{"name":"wp","href":"https:\/\/api.w.org\/{rel}","templated":true}]}}