{"id":5372,"date":"2024-04-27T14:26:00","date_gmt":"2024-04-27T17:26:00","guid":{"rendered":"https:\/\/sgvaimudar.com.br\/?p=5372"},"modified":"2024-04-26T20:28:27","modified_gmt":"2024-04-26T23:28:27","slug":"centro-de-reabilitacao-oferece-consultas-com-neuropediatras","status":"publish","type":"post","link":"https:\/\/sgvaimudar.com.br\/index.php\/2024\/04\/27\/centro-de-reabilitacao-oferece-consultas-com-neuropediatras\/","title":{"rendered":"Centro de Reabilita\u00e7\u00e3o oferece consultas com neuropediatras"},"content":{"rendered":"\n<p>Uma especialidade m\u00e9dica procurada com frequ\u00eancia pelos pais de crian\u00e7as com altera\u00e7\u00f5es neurol\u00f3gicas \u2013 a neuropediatria \u2013 faz parte dos atendimentos oferecidos no Centro Especializado em Reabilita\u00e7\u00e3o (CER III), em Neves, S\u00e3o Gon\u00e7alo. O profissional \u00e9 o respons\u00e1vel \u2013 com a equipe m\u00e9dica \u2013 de dar os laudos diagn\u00f3sticos e ajudar nas avalia\u00e7\u00f5es das crian\u00e7as durante o tratamento.&nbsp;<\/p>\n\n\n\n<p>&nbsp;&nbsp;&nbsp;&nbsp;&nbsp;A neuropediatria \u00e9 uma especialidade da pediatria que cuida das doen\u00e7as neurol\u00f3gicas nas crian\u00e7as de 0 a 18 anos. Ela atende as crian\u00e7as com autismo, epilepsia e transtornos comportamentais, por exemplo. A neurologia infantil avalia o sistema nervoso central (c\u00e9rebro, cerebelo e tronco encef\u00e1lico) e perif\u00e9rico (nervos) das crian\u00e7as e indica os tratamentos a serem realizados conforme a necessidade de cada paciente.<\/p>\n\n\n\n<p>&nbsp;&nbsp;&nbsp;&nbsp;&nbsp;Normalmente, o paciente \u00e9 encaminhado para o especialista quando o pediatra percebe atrasos no desenvolvimento, seja motor, cognitivo, comportamental ou de linguagem devido \u00e0 sua faixa et\u00e1ria. O diagn\u00f3stico \u00e9 cl\u00ednico, feito atrav\u00e9s de observa\u00e7\u00e3o nas consultas e dos relatos das pessoas que convivem com a crian\u00e7a sobre o seu comportamento.&nbsp;<\/p>\n\n\n\n<p>&nbsp;&nbsp;&nbsp;&nbsp;&nbsp;A neuropediatra Adriane Batista Fonseca Poubel atende no CER III desde outubro de 2023. Para ela \u00e9 muito gratificante poder trabalhar dentro do centro de refer\u00eancia.<\/p>\n\n\n\n<p>\u201c\u00c9 uma popula\u00e7\u00e3o que demanda muita paci\u00eancia. N\u00e3o s\u00f3 com as crian\u00e7as, mas com toda a fam\u00edlia devido \u00e0s dificuldades que as pessoas encontram l\u00e1 fora para conseguir os tratamentos. Ent\u00e3o, trabalhar dentro de um centro de refer\u00eancia \u00e9 saber que as crian\u00e7as ser\u00e3o tratadas adequadamente, o que \u00e9 muito gratificante\u201d, disse a m\u00e9dica.<\/p>\n\n\n\n<p>&nbsp;&nbsp;&nbsp;&nbsp;&nbsp;A paciente Alice de Azevedo, de 8 anos, \u00e9 atendida na unidade desde 2021. Al\u00e9m do atendimento com a neuropediatra, ela realiza tratamentos com fonoaudi\u00f3loga, psic\u00f3loga e psicopedagoga. Diagnosticada com transtorno do espectro autista (TEA) aos 5 anos, a menina j\u00e1 evoluiu, consideravelmente, segundo a m\u00e3e, a dona de casa Estela Azevedo de Souza, de 38 anos.&nbsp;&nbsp;<\/p>\n\n\n\n<p>&nbsp;&nbsp;&nbsp;&nbsp;&nbsp;\u201cSempre observei que ela era diferente, j\u00e1 suspeitava. A investiga\u00e7\u00e3o come\u00e7ou aos dois anos quando coloquei na creche. Ela n\u00e3o falava nenhuma palavra. N\u00e3o falava nem mam\u00e3e, nem papai. O laudo definitivo veio aos cinco anos com uma neuropediatra do CER III, que a atendia na \u00e9poca. Hoje, a minha filha fala uma frase inteira. Ela consegue se expressar. Tem as dificuldades, mas dentro da condi\u00e7\u00e3o dela, ela fala com perfei\u00e7\u00e3o\u201d, contou a m\u00e3e.&nbsp;<\/p>\n\n\n\n<p>&nbsp;&nbsp;&nbsp;&nbsp;&nbsp;&nbsp;Al\u00e9m de desenvolver a fala e o andar, Alice teve outros avan\u00e7os significativos. No per\u00edodo do tratamento no CER III, ela \u2013 apesar de continuar com uma rotina de fazer tudo igual todos os dias \u2013 ela tamb\u00e9m aprendeu a ler e escrever e aceita alguns comandos. \u201cEla tamb\u00e9m j\u00e1 pede algumas coisas, n\u00e3o sempre. Mas eu vejo muita evolu\u00e7\u00e3o na minha filha em estar toda semana com as terapeutas\u201d, finalizou Estela.&nbsp;<\/p>\n\n\n\n<p><strong>Atendimentos<\/strong><\/p>\n\n\n\n<p>&nbsp;&nbsp;&nbsp;&nbsp;&nbsp;O CER III \u00e9 da Secretaria Municipal de Sa\u00fade e Defesa Civil de S\u00e3o Gon\u00e7alo (Semsa) e oferece reabilita\u00e7\u00e3o f\u00edsica, intelectiva e visual para os pacientes que t\u00eam defici\u00eancias, sequelas e TEA, de m\u00e9dia e alta complexidade.&nbsp;Atualmente, a unidade conta com atendimento de enfermagem, fonoaudi\u00f3logo, psic\u00f3logo, fisioterapeuta, nutricionista, musicoterapeuta, psicopedagoga, assistente social, transcritora de braile e int\u00e9rprete de libras. O local ainda tem as seguintes especialidades m\u00e9dicas: neuropediatra, neurologista, pediatra, oftalmologista, otorrinolaringologista e ortopedista.<\/p>\n\n\n\n<p>&nbsp;&nbsp;&nbsp;&nbsp;&nbsp;\u201c\u00c9 meta do prefeito Capit\u00e3o Nelson dar aten\u00e7\u00e3o especial para esse p\u00fablico. Desde o primeiro ano de governo, aumentamos as contrata\u00e7\u00f5es dos profissionais para aumentarmos os n\u00fameros de atendimentos. E isso foi efetivado. Em 2021, foram 31.376 consultas e procedimentos. Em 2022: 128.317. No ano passado, a unidade realizou 130.900 consultas e procedimentos. Para 2024, o objetivo \u00e9 continuar aumentando as ofertas dos tratamentos\u201d, contou o secret\u00e1rio de Sa\u00fade e Defesa Civil da Prefeitura de S\u00e3o Gon\u00e7alo, Dr. Gleison Rocha.&nbsp;&nbsp;<\/p>\n\n\n\n<p>&nbsp;&nbsp;&nbsp;&nbsp;&nbsp;<strong>Como ter acesso<\/strong>&nbsp;\u2013 Todo atendimento realizado no CER III \u00e9 feito ap\u00f3s a inser\u00e7\u00e3o na Central de Regula\u00e7\u00e3o da Semsa. Assim, o paciente deve, primeiro, procurar uma unidade de sa\u00fade para marcar consulta com um m\u00e9dico generalista, que vai avaliar os casos e pode encaminhar para o especialista.<\/p>\n\n\n\n<p>&nbsp;&nbsp;&nbsp;&nbsp;&nbsp;Ap\u00f3s ter o encaminhamento do m\u00e9dico generalista ou profissional habilitado, o paciente ou respons\u00e1vel pode dar entrada com o pedido em qualquer posto de sa\u00fade, policl\u00ednicas e cl\u00ednicas municipais, que v\u00e3o inserir o paciente na Central de Regula\u00e7\u00e3o. \u00c9 a pr\u00f3pria regula\u00e7\u00e3o que vai determinar se ele \u00e9 eleg\u00edvel para o tratamento no CER III ou se ser\u00e1 atendido em outro local. Lembrando que o atendimento no centro especializado atende m\u00e9dia e alta complexidades.<\/p>\n\n\n\n<p>&nbsp;&nbsp;&nbsp;&nbsp;&nbsp;\u00c9 necess\u00e1rio que os pacientes mantenham um telefone que funcione e esteja atualizado no cadastro. O contato e endere\u00e7o do morador tamb\u00e9m podem ser atualizados em qualquer unidade de sa\u00fade. Se houver alguma pend\u00eancia no pedido, os funcion\u00e1rios das unidades de sa\u00fade avisam ao paciente para que regularize a situa\u00e7\u00e3o. Com qualquer pend\u00eancia, o paciente n\u00e3o \u00e9 chamado.<\/p>\n\n\n\n<p>&nbsp;&nbsp;&nbsp;&nbsp;&nbsp;Ap\u00f3s a regula\u00e7\u00e3o confirmar o atendimento no CER III, o paciente passa por nova avalia\u00e7\u00e3o da equipe multiprofissional do espa\u00e7o, que vai definir para qual setor do CER III o paciente \u00e9 eleg\u00edvel e direcionar para os tratamentos necess\u00e1rios.<\/p>\n\n\n\n<p><em>Fotos: Fabio Guimar\u00e3es<\/em><\/p>\n\n\n\n<p><em>Texto: Ascom PMSG<\/em><\/p>\n","protected":false},"excerpt":{"rendered":"<p>Uma especialidade m\u00e9dica procurada com frequ\u00eancia pelos pais de crian\u00e7as com altera\u00e7\u00f5es neurol\u00f3gicas \u2013 a neuropediatria \u2013 faz parte dos&hellip;<\/p>\n","protected":false},"author":5,"featured_media":5373,"comment_status":"open","ping_status":"open","sticky":false,"template":"","format":"standard","meta":{"fifu_image_url":"","fifu_image_alt":"","footnotes":""},"categories":[7],"tags":[],"class_list":["post-5372","post","type-post","status-publish","format-standard","has-post-thumbnail","hentry","category-saude"],"_links":{"self":[{"href":"https:\/\/sgvaimudar.com.br\/index.php\/wp-json\/wp\/v2\/posts\/5372","targetHints":{"allow":["GET"]}}],"collection":[{"href":"https:\/\/sgvaimudar.com.br\/index.php\/wp-json\/wp\/v2\/posts"}],"about":[{"href":"https:\/\/sgvaimudar.com.br\/index.php\/wp-json\/wp\/v2\/types\/post"}],"author":[{"embeddable":true,"href":"https:\/\/sgvaimudar.com.br\/index.php\/wp-json\/wp\/v2\/users\/5"}],"replies":[{"embeddable":true,"href":"https:\/\/sgvaimudar.com.br\/index.php\/wp-json\/wp\/v2\/comments?post=5372"}],"version-history":[{"count":1,"href":"https:\/\/sgvaimudar.com.br\/index.php\/wp-json\/wp\/v2\/posts\/5372\/revisions"}],"predecessor-version":[{"id":5374,"href":"https:\/\/sgvaimudar.com.br\/index.php\/wp-json\/wp\/v2\/posts\/5372\/revisions\/5374"}],"wp:featuredmedia":[{"embeddable":true,"href":"https:\/\/sgvaimudar.com.br\/index.php\/wp-json\/wp\/v2\/media\/5373"}],"wp:attachment":[{"href":"https:\/\/sgvaimudar.com.br\/index.php\/wp-json\/wp\/v2\/media?parent=5372"}],"wp:term":[{"taxonomy":"category","embeddable":true,"href":"https:\/\/sgvaimudar.com.br\/index.php\/wp-json\/wp\/v2\/categories?post=5372"},{"taxonomy":"post_tag","embeddable":true,"href":"https:\/\/sgvaimudar.com.br\/index.php\/wp-json\/wp\/v2\/tags?post=5372"}],"curies":[{"name":"wp","href":"https:\/\/api.w.org\/{rel}","templated":true}]}}