{"id":5367,"date":"2024-04-27T10:20:00","date_gmt":"2024-04-27T13:20:00","guid":{"rendered":"https:\/\/sgvaimudar.com.br\/?p=5367"},"modified":"2024-04-26T20:25:04","modified_gmt":"2024-04-26T23:25:04","slug":"subsecretaria-investe-no-combate-a-violencia-de-genero","status":"publish","type":"post","link":"https:\/\/sgvaimudar.com.br\/index.php\/2024\/04\/27\/subsecretaria-investe-no-combate-a-violencia-de-genero\/","title":{"rendered":"Subsecretaria investe no combate \u00e0 viol\u00eancia de g\u00eanero"},"content":{"rendered":"\n<p>Ap\u00f3s quatro encontros repletos de conhecimentos e troca de experi\u00eancias, a Subsecretaria de Pol\u00edticas P\u00fablicas para as Mulheres da Prefeitura de S\u00e3o Gon\u00e7alo realizou, na manh\u00e3 da \u00faltima quinta-feira (25), a entrega dos certificados para os participantes da\u00a0\u201cCapacita\u00e7\u00e3o sobre Enfrentamento \u00e0 Viol\u00eancia de G\u00eanero: conceitos, direitos e atualiza\u00e7\u00f5es\u201d, que aconteceu durante quatro semanas no audit\u00f3rio da Universidade Est\u00e1cio de S\u00e1, no Alc\u00e2ntara.\u00a0<\/p>\n\n\n\n<figure class=\"wp-block-image size-large\"><img fetchpriority=\"high\" decoding=\"async\" width=\"1024\" height=\"684\" src=\"https:\/\/sgvaimudar.com.br\/wp-content\/uploads\/2024\/04\/unnamed-5-4-1024x684.jpg\" alt=\"\" class=\"wp-image-5368\" srcset=\"https:\/\/sgvaimudar.com.br\/wp-content\/uploads\/2024\/04\/unnamed-5-4-1024x684.jpg 1024w, https:\/\/sgvaimudar.com.br\/wp-content\/uploads\/2024\/04\/unnamed-5-4-300x200.jpg 300w, https:\/\/sgvaimudar.com.br\/wp-content\/uploads\/2024\/04\/unnamed-5-4-768x513.jpg 768w, https:\/\/sgvaimudar.com.br\/wp-content\/uploads\/2024\/04\/unnamed-5-4-1536x1027.jpg 1536w, https:\/\/sgvaimudar.com.br\/wp-content\/uploads\/2024\/04\/unnamed-5-4.jpg 1616w\" sizes=\"(max-width: 1024px) 100vw, 1024px\" \/><\/figure>\n\n\n\n<p>Ao longo da capacita\u00e7\u00e3o, foram debatidos os aspectos hist\u00f3ricos e culturais da viol\u00eancia de g\u00eanero, a legisla\u00e7\u00e3o na \u00e1rea e seus desafios, a subjetividade da mulher em situa\u00e7\u00e3o de viol\u00eancia, e a atua\u00e7\u00e3o da rede de enfrentamento \u00e0 viol\u00eancia. Neste \u00faltimo encontro, realizado nesta quinta (25), os palestrantes debateram os temas \u201cRa\u00e7a, g\u00eanero, desigualdade e territ\u00f3rio: mulheres negras em quest\u00e3o\u201d e \u201cVulnerabilidade feminina e a pris\u00e3o\u201d.<\/p>\n\n\n\n<p>\u201cAcreditamos que essa capacita\u00e7\u00e3o promoveu uma educa\u00e7\u00e3o, neste sentido, preventiva, pois uma pessoa que amplia seu repert\u00f3rio pessoal e de conhecimento nunca mais \u00e9 a mesma. Ela se torna um agente de transforma\u00e7\u00e3o de seus pares e de sua comunidade\u201d, disse o secret\u00e1rio de Assist\u00eancia Social, Felippe Mattos.\u00a0<\/p>\n\n\n\n<figure class=\"wp-block-image size-large\"><img decoding=\"async\" width=\"1024\" height=\"684\" src=\"https:\/\/sgvaimudar.com.br\/wp-content\/uploads\/2024\/04\/unnamed-4-4-1024x684.jpg\" alt=\"\" class=\"wp-image-5369\" srcset=\"https:\/\/sgvaimudar.com.br\/wp-content\/uploads\/2024\/04\/unnamed-4-4-1024x684.jpg 1024w, https:\/\/sgvaimudar.com.br\/wp-content\/uploads\/2024\/04\/unnamed-4-4-300x200.jpg 300w, https:\/\/sgvaimudar.com.br\/wp-content\/uploads\/2024\/04\/unnamed-4-4-768x513.jpg 768w, https:\/\/sgvaimudar.com.br\/wp-content\/uploads\/2024\/04\/unnamed-4-4-1536x1027.jpg 1536w, https:\/\/sgvaimudar.com.br\/wp-content\/uploads\/2024\/04\/unnamed-4-4.jpg 1616w\" sizes=\"(max-width: 1024px) 100vw, 1024px\" \/><\/figure>\n\n\n\n<p>A iniciativa foi idealizada com o objetivo de instrumentalizar profissionais e estudantes que atuam ou desejam atuar com mulheres em situa\u00e7\u00e3o de viol\u00eancia, atrav\u00e9s de conhecimentos te\u00f3ricos e orienta\u00e7\u00f5es pr\u00e1ticas.&nbsp;<\/p>\n\n\n\n<p>\u201cO profissional que est\u00e1 na ponta, que lida diretamente com mulheres, precisa saber quais s\u00e3o os sinais da viol\u00eancia, entender a abordagem correta da mulher, e ter as informa\u00e7\u00f5es corretas para orientar e encaminhar esta mulher, de modo que ela chegue nos lugares certos e tenha condi\u00e7\u00f5es para romper o ciclo de viol\u00eancia no qual est\u00e1 inserida\u201d, destacou a subsecret\u00e1ria Ana Cristina da Silva.&nbsp;<\/p>\n\n\n\n<p>Ao final do curso foram entregues os certificados para os concluintes. A capacita\u00e7\u00e3o teve uma carga hor\u00e1ria total de 16 horas, compostas por 10 palestras. Ao todo, 100 pessoas receberam o certificado de diferentes \u00e1reas de atua\u00e7\u00e3o, como assist\u00eancia social, sa\u00fade, educa\u00e7\u00e3o, seguran\u00e7a p\u00fablica, al\u00e9m de equipes da rede de enfrentamento \u00e0 viol\u00eancia contra a mulher de outros munic\u00edpios, que encontraram na forma\u00e7\u00e3o a oportunidade de atualizar seus conhecimentos e trocar experi\u00eancias. Participaram tamb\u00e9m da capacita\u00e7\u00e3o estudantes universit\u00e1rios dos cursos de psicologia, gest\u00e3o de pessoas e direito.<\/p>\n\n\n\n<p>Al\u00e9m do secret\u00e1rio Felippe e da subsecret\u00e1ria Ana Cristina, tamb\u00e9m estiveram presentes na solenidade a ju\u00edza da Vara da Viol\u00eancia Dom\u00e9stica e Familiar Contra a Mulher da Comarca de S\u00e3o Gon\u00e7alo, Denise Appolin\u00e1ria; a ju\u00edza da Vara da Inf\u00e2ncia, da Juventude e do Idoso da Comarca de S\u00e3o Gon\u00e7alo, Cristina Quinto; o secret\u00e1rio de Ordem P\u00fablica de S\u00e3o Gon\u00e7alo, o tenente coronel, M\u00e1rcio Ribeiro; e a diretora da Unidade Est\u00e1cio de S\u00e1 de Alc\u00e2ntara, Luhanne Pimentel.<\/p>\n\n\n\n<p><em>Fotos: Renan Otto<\/em><\/p>\n\n\n\n<p><em>Texto: Ascom PMSG<\/em><\/p>\n","protected":false},"excerpt":{"rendered":"<p>Ap\u00f3s quatro encontros repletos de conhecimentos e troca de experi\u00eancias, a Subsecretaria de Pol\u00edticas P\u00fablicas para as Mulheres da Prefeitura&hellip;<\/p>\n","protected":false},"author":5,"featured_media":5370,"comment_status":"open","ping_status":"open","sticky":false,"template":"","format":"standard","meta":{"fifu_image_url":"","fifu_image_alt":"","footnotes":""},"categories":[32],"tags":[],"class_list":["post-5367","post","type-post","status-publish","format-standard","has-post-thumbnail","hentry","category-casos-de-policia"],"_links":{"self":[{"href":"https:\/\/sgvaimudar.com.br\/index.php\/wp-json\/wp\/v2\/posts\/5367","targetHints":{"allow":["GET"]}}],"collection":[{"href":"https:\/\/sgvaimudar.com.br\/index.php\/wp-json\/wp\/v2\/posts"}],"about":[{"href":"https:\/\/sgvaimudar.com.br\/index.php\/wp-json\/wp\/v2\/types\/post"}],"author":[{"embeddable":true,"href":"https:\/\/sgvaimudar.com.br\/index.php\/wp-json\/wp\/v2\/users\/5"}],"replies":[{"embeddable":true,"href":"https:\/\/sgvaimudar.com.br\/index.php\/wp-json\/wp\/v2\/comments?post=5367"}],"version-history":[{"count":1,"href":"https:\/\/sgvaimudar.com.br\/index.php\/wp-json\/wp\/v2\/posts\/5367\/revisions"}],"predecessor-version":[{"id":5371,"href":"https:\/\/sgvaimudar.com.br\/index.php\/wp-json\/wp\/v2\/posts\/5367\/revisions\/5371"}],"wp:featuredmedia":[{"embeddable":true,"href":"https:\/\/sgvaimudar.com.br\/index.php\/wp-json\/wp\/v2\/media\/5370"}],"wp:attachment":[{"href":"https:\/\/sgvaimudar.com.br\/index.php\/wp-json\/wp\/v2\/media?parent=5367"}],"wp:term":[{"taxonomy":"category","embeddable":true,"href":"https:\/\/sgvaimudar.com.br\/index.php\/wp-json\/wp\/v2\/categories?post=5367"},{"taxonomy":"post_tag","embeddable":true,"href":"https:\/\/sgvaimudar.com.br\/index.php\/wp-json\/wp\/v2\/tags?post=5367"}],"curies":[{"name":"wp","href":"https:\/\/api.w.org\/{rel}","templated":true}]}}