{"id":5312,"date":"2024-04-25T13:29:38","date_gmt":"2024-04-25T16:29:38","guid":{"rendered":"https:\/\/sgvaimudar.com.br\/?p=5312"},"modified":"2024-04-25T13:29:39","modified_gmt":"2024-04-25T16:29:39","slug":"obras-do-muvi-prefeito-e-secretario-fazem-visita-tecnica","status":"publish","type":"post","link":"https:\/\/sgvaimudar.com.br\/index.php\/2024\/04\/25\/obras-do-muvi-prefeito-e-secretario-fazem-visita-tecnica\/","title":{"rendered":"Obras do Muvi: Prefeito e secret\u00e1rio fazem visita t\u00e9cnica"},"content":{"rendered":"\n<p>O prefeito Capit\u00e3o Nelson fez uma visita t\u00e9cnica \u00e0s obras do projeto Mobilidade Urbana Verde Integrada (Muvi), na \u00faltima quarta-feira (24), em companhia do secret\u00e1rio de Estado das Cidades, Douglas Ruas. Ambos estiveram nos trechos um, dois e tr\u00eas da obra, verificaram detalhes das interven\u00e7\u00f5es, conversaram com os moradores da regi\u00e3o e tiraram d\u00favidas sobre o projeto, elaborado pela Prefeitura de S\u00e3o Gon\u00e7alo e executado pelo Governo do Estado.<\/p>\n\n\n\n<figure class=\"wp-block-image size-full\"><img fetchpriority=\"high\" decoding=\"async\" width=\"800\" height=\"794\" src=\"https:\/\/sgvaimudar.com.br\/wp-content\/uploads\/2024\/04\/unnamed-8-1.jpg\" alt=\"\" class=\"wp-image-5314\" srcset=\"https:\/\/sgvaimudar.com.br\/wp-content\/uploads\/2024\/04\/unnamed-8-1.jpg 800w, https:\/\/sgvaimudar.com.br\/wp-content\/uploads\/2024\/04\/unnamed-8-1-300x298.jpg 300w, https:\/\/sgvaimudar.com.br\/wp-content\/uploads\/2024\/04\/unnamed-8-1-150x150.jpg 150w, https:\/\/sgvaimudar.com.br\/wp-content\/uploads\/2024\/04\/unnamed-8-1-768x762.jpg 768w\" sizes=\"(max-width: 800px) 100vw, 800px\" \/><\/figure>\n\n\n\n<p>O chefe do Executivo gon\u00e7alense explicou que a obra do Muvi vai transformar S\u00e3o Gon\u00e7alo.<\/p>\n\n\n\n<p>&#8220;S\u00f3 tenho a agradecer ao governador Cl\u00e1udio Castro e ao secret\u00e1rio das Cidades, Douglas Ruas, por essas obras. S\u00e3o Gon\u00e7alo vai se tornar outra cidade quando as obras do Muvi chegarem ao fim. Tenho certeza dessa transforma\u00e7\u00e3o. Muitos servidores que trabalham aqui nessas obras s\u00e3o, inclusive, gon\u00e7alenses. Com isso, ofertamos tamb\u00e9m  emprego para a nossa popula\u00e7\u00e3o&#8221;, afirmou o prefeito.<\/p>\n\n\n\n<p>O secret\u00e1rio de Estado das Cidades, Douglas Ruas, tamb\u00e9m destacou que, ao todo, mais de 220 profissionais atuam nas obras do projeto todos os dias.<\/p>\n\n\n\n<p>&#8220;Essas visitas t\u00e9cnicas s\u00e3o importantes para conferirmos os detalhes das obras e a qualidade. \u00c9 a maior obra de mobilidade urbana de S\u00e3o Gon\u00e7alo, corta todo o eixo central de S\u00e3o Gon\u00e7alo. A determina\u00e7\u00e3o do governador Cl\u00e1udio Castro \u00e9 de que possamos colocar todos os esfor\u00e7os necess\u00e1rios para entregar o quanto antes os benef\u00edcios para a popula\u00e7\u00e3o. Para isso, estamos com mais de 220 trabalhadores atuando nos trechos um, dois e tr\u00eas&#8221;, disse o secret\u00e1rio.<\/p>\n\n\n\n<figure class=\"wp-block-image size-large\"><img decoding=\"async\" width=\"1024\" height=\"724\" src=\"https:\/\/sgvaimudar.com.br\/wp-content\/uploads\/2024\/04\/unnamed-9-2-1024x724.jpg\" alt=\"\" class=\"wp-image-5315\" srcset=\"https:\/\/sgvaimudar.com.br\/wp-content\/uploads\/2024\/04\/unnamed-9-2-1024x724.jpg 1024w, https:\/\/sgvaimudar.com.br\/wp-content\/uploads\/2024\/04\/unnamed-9-2-300x212.jpg 300w, https:\/\/sgvaimudar.com.br\/wp-content\/uploads\/2024\/04\/unnamed-9-2-768x543.jpg 768w, https:\/\/sgvaimudar.com.br\/wp-content\/uploads\/2024\/04\/unnamed-9-2.jpg 1401w\" sizes=\"(max-width: 1024px) 100vw, 1024px\" \/><\/figure>\n\n\n\n<p>De acordo com o Executivo, a interven\u00e7\u00e3o vai transformar toda a cidade com uma grande revitaliza\u00e7\u00e3o do trecho da antiga linha f\u00e9rrea, e tamb\u00e9m vai facilitar a locomo\u00e7\u00e3o de uma ponta \u00e0 outra da cidade. O investimento do projeto \u00e9 de mais de R$ 280 milh\u00f5es.<\/p>\n\n\n\n<p>O aposentado Ricardo Filho, de 75 anos, comentou sobre as melhorias que t\u00eam sido feitas perto de sua casa. Ele \u00e9 morador do Camar\u00e3o, bairro onde fica o trecho dois das obras.<\/p>\n\n\n\n<p>&#8220;Antes, aqui tinha muito mato. Com as obras, tudo isso foi alterado e a popula\u00e7\u00e3o passou a ter vergonha na cara e n\u00e3o jogou mais lixo aqui. Eu conhe\u00e7o pouco do projeto de mobilidade, mas j\u00e1 acredito que vai ser um local de primeira linha. Com certeza, S\u00e3o Gon\u00e7alo vai crescer. Faltava uma obra desse tipo aqui. Depois de pronto, o local ficar\u00e1 \u00f3timo&#8221;, disse o aposentado.<\/p>\n\n\n\n<p><strong>O PROJETO &#8211;<\/strong> O Muvi \u00e9 uma realiza\u00e7\u00e3o do Governo do Estado, atrav\u00e9s da Secretaria das Cidades, em parceria com a Prefeitura de S\u00e3o Gon\u00e7alo. <\/p>\n\n\n\n<p>&#8220;O projeto, elaborado pela Secretaria Municipal de Gest\u00e3o Integrada e Projetos Especiais (Semgipe), prev\u00ea a cria\u00e7\u00e3o de um novo corredor vi\u00e1rio, com pistas preferenciais de \u00f4nibus e ciclovia, ligando o bairro de Neves a Guaxindiba, percurso de mais de 18 quil\u00f4metros que tamb\u00e9m receber\u00e1 v\u00e1rias interven\u00e7\u00f5es urban\u00edsticas e de paisagismo&#8221;, concluiu a Prefeitura no texto.\u00a0<\/p>\n\n\n\n<p><em>Fotos: Renan Otto<\/em><\/p>\n\n\n\n<p><em>Texto: Ascom PMSG<\/em><\/p>\n","protected":false},"excerpt":{"rendered":"<p>O prefeito Capit\u00e3o Nelson fez uma visita t\u00e9cnica \u00e0s obras do projeto Mobilidade Urbana Verde Integrada (Muvi), na \u00faltima quarta-feira&hellip;<\/p>\n","protected":false},"author":5,"featured_media":5313,"comment_status":"open","ping_status":"open","sticky":false,"template":"","format":"standard","meta":{"fifu_image_url":"","fifu_image_alt":"","footnotes":""},"categories":[3],"tags":[],"class_list":["post-5312","post","type-post","status-publish","format-standard","has-post-thumbnail","hentry","category-sao-goncalo"],"_links":{"self":[{"href":"https:\/\/sgvaimudar.com.br\/index.php\/wp-json\/wp\/v2\/posts\/5312","targetHints":{"allow":["GET"]}}],"collection":[{"href":"https:\/\/sgvaimudar.com.br\/index.php\/wp-json\/wp\/v2\/posts"}],"about":[{"href":"https:\/\/sgvaimudar.com.br\/index.php\/wp-json\/wp\/v2\/types\/post"}],"author":[{"embeddable":true,"href":"https:\/\/sgvaimudar.com.br\/index.php\/wp-json\/wp\/v2\/users\/5"}],"replies":[{"embeddable":true,"href":"https:\/\/sgvaimudar.com.br\/index.php\/wp-json\/wp\/v2\/comments?post=5312"}],"version-history":[{"count":1,"href":"https:\/\/sgvaimudar.com.br\/index.php\/wp-json\/wp\/v2\/posts\/5312\/revisions"}],"predecessor-version":[{"id":5316,"href":"https:\/\/sgvaimudar.com.br\/index.php\/wp-json\/wp\/v2\/posts\/5312\/revisions\/5316"}],"wp:featuredmedia":[{"embeddable":true,"href":"https:\/\/sgvaimudar.com.br\/index.php\/wp-json\/wp\/v2\/media\/5313"}],"wp:attachment":[{"href":"https:\/\/sgvaimudar.com.br\/index.php\/wp-json\/wp\/v2\/media?parent=5312"}],"wp:term":[{"taxonomy":"category","embeddable":true,"href":"https:\/\/sgvaimudar.com.br\/index.php\/wp-json\/wp\/v2\/categories?post=5312"},{"taxonomy":"post_tag","embeddable":true,"href":"https:\/\/sgvaimudar.com.br\/index.php\/wp-json\/wp\/v2\/tags?post=5312"}],"curies":[{"name":"wp","href":"https:\/\/api.w.org\/{rel}","templated":true}]}}