{"id":5306,"date":"2024-04-25T14:27:00","date_gmt":"2024-04-25T17:27:00","guid":{"rendered":"https:\/\/sgvaimudar.com.br\/?p=5306"},"modified":"2024-04-25T12:39:50","modified_gmt":"2024-04-25T15:39:50","slug":"moradores-aprovam-e-elogiam-canteiros-de-plantas-que-embelezam-e-enchem-a-cidade-de-cores","status":"publish","type":"post","link":"https:\/\/sgvaimudar.com.br\/index.php\/2024\/04\/25\/moradores-aprovam-e-elogiam-canteiros-de-plantas-que-embelezam-e-enchem-a-cidade-de-cores\/","title":{"rendered":"Moradores aprovam e elogiam canteiros de plantas que embelezam e enchem a cidade de cores"},"content":{"rendered":"\n<p>As equipes da Subsecretaria de Parques e Jardins, vinculada \u00e0 Secretaria de Conserva\u00e7\u00e3o da Prefeitura de S\u00e3o Gon\u00e7alo n\u00e3o param de trabalhar e j\u00e1 colhem os resultados dos cultivos de diversas esp\u00e9cies de plantas que d\u00e3o cores ao munic\u00edpio.<\/p>\n\n\n\n<figure class=\"wp-block-image size-full\"><img fetchpriority=\"high\" decoding=\"async\" width=\"681\" height=\"1024\" src=\"https:\/\/sgvaimudar.com.br\/wp-content\/uploads\/2024\/04\/unnamed-5-2.jpg\" alt=\"\" class=\"wp-image-5308\" srcset=\"https:\/\/sgvaimudar.com.br\/wp-content\/uploads\/2024\/04\/unnamed-5-2.jpg 681w, https:\/\/sgvaimudar.com.br\/wp-content\/uploads\/2024\/04\/unnamed-5-2-200x300.jpg 200w\" sizes=\"(max-width: 681px) 100vw, 681px\" \/><\/figure>\n\n\n\n<p>Segundo a pasta, essa \u00e9 uma responsabilidade levada muito a s\u00e9rio por todos. &#8220;S\u00e3o Gon\u00e7alo \u00e9 uma cidade tomada por canteiros.  Cultivamos cerca de 15 mil mudas de plantas por m\u00eas no horto municipal e depois as levamos para o plantio&#8221;, disse o Executivo no texto.<\/p>\n\n\n\n<p>De acordo com a Prefeitura, as plantas ficam no Horto por cerca de 30 dias at\u00e9 serem replantadas no espa\u00e7o adequado. &#8220;Dentre as esp\u00e9cies que s\u00e3o cultivadas no local, est\u00e3o a alpinia, o cr\u00f3ton, a dracena tricolor, a aspargo pluma e outras. Todas essas esp\u00e9cies s\u00e3o de baixa manuten\u00e7\u00e3o&#8221;, afirmou o poder p\u00fablico.<\/p>\n\n\n\n<p>O secret\u00e1rio de Conserva\u00e7\u00e3o, Edson Leal, falou sobre o trabalho que realiza com os canteiros no munic\u00edpio e destacou a import\u00e2ncia da preserva\u00e7\u00e3o deles por parte tamb\u00e9m da popula\u00e7\u00e3o.<\/p>\n\n\n\n\n\n<p>&#8220;A Subsecretaria de Parques e Jardins vem realizando o trabalho de paisagismo na cidade com o intuito de criar ambientes mais bonitos e harmoniosos. Os canteiros t\u00eam sido implementados em pontos estrat\u00e9gicos e de grande movimento em S\u00e3o Gon\u00e7alo para contribuir com a humaniza\u00e7\u00e3o dos espa\u00e7os, elevando a autoestima do cidad\u00e3o gon\u00e7alense&#8221;, pontuou Leal. <\/p>\n\n\n\n<p>Ele disse que a manuten\u00e7\u00e3o desses canteiros \u00e9 constante. &#8220;Por isso, \u00e9 muito importante destacar que se faz necess\u00e1rio que criemos uma consci\u00eancia de preserva\u00e7\u00e3o dos espa\u00e7os p\u00fablicos para que possamos aumentar o n\u00famero de canteiros no munic\u00edpio e, dessa forma, deixar nossas ruas mais belas&#8221;, disse o secret\u00e1rio.<\/p>\n\n\n\n<p>Os gon\u00e7alenses concordam com a beleza que as plantas dos canteiros trazem para o munic\u00edpio. Esse \u00e9 o caso do taxista Andr\u00e9 Marques. &#8220;Os canteiros s\u00e3o bem conservados e trazem muitas cores para S\u00e3o Gon\u00e7alo. Eu acho \u00f3timo! Tamb\u00e9m sempre vejo as equipes da Conserva\u00e7\u00e3o cuidando desses locais e acredito que a Prefeitura vem fazendo um trabalho legal nesse sentido&#8221;, relatou o taxista.<\/p>\n\n\n\n<p>Moradora do Centro, Suyana Vieira, de 49 anos, v\u00ea constantemente o canteiro que fica localizado em frente \u00e0 Igreja Matriz. Para ela, o local tamb\u00e9m est\u00e1 sendo bem cuidado. &#8220;Vejo sempre essas equipes aqui revitalizando o espa\u00e7o. Essas plantas d\u00e3o mais cor ao munic\u00edpio e nos deixam pr\u00f3ximos da natureza&#8221;, afirmou Vieira.<\/p>\n\n\n\n<p>Dentre os canteiros mais conhecidos, est\u00e3o o que carrega o nome de S\u00e3o Gon\u00e7alo localizado em frente \u00e0 Igreja Matriz, no Centro; o que tem o letreiro com o nome da cidade e fica em Tribob\u00f3; o canteiro de palmeiras localizado no polo de autope\u00e7as do Jardim Alc\u00e2ntara, al\u00e9m de um canteiro no Restaurante do Povo, no Alc\u00e2ntara. As pra\u00e7as do munic\u00edpio tamb\u00e9m possuem diversos canteiros.<\/p>\n\n\n\n<p><em>Fotos: J\u00falio Diniz<\/em><\/p>\n\n\n\n<p><em>Texto: Ascom PMSG<\/em><\/p>\n","protected":false},"excerpt":{"rendered":"<p>As equipes da Subsecretaria de Parques e Jardins, vinculada \u00e0 Secretaria de Conserva\u00e7\u00e3o da Prefeitura de S\u00e3o Gon\u00e7alo n\u00e3o param&hellip;<\/p>\n","protected":false},"author":5,"featured_media":5307,"comment_status":"open","ping_status":"open","sticky":false,"template":"","format":"standard","meta":{"fifu_image_url":"","fifu_image_alt":"","footnotes":""},"categories":[3],"tags":[],"class_list":["post-5306","post","type-post","status-publish","format-standard","has-post-thumbnail","hentry","category-sao-goncalo"],"_links":{"self":[{"href":"https:\/\/sgvaimudar.com.br\/index.php\/wp-json\/wp\/v2\/posts\/5306","targetHints":{"allow":["GET"]}}],"collection":[{"href":"https:\/\/sgvaimudar.com.br\/index.php\/wp-json\/wp\/v2\/posts"}],"about":[{"href":"https:\/\/sgvaimudar.com.br\/index.php\/wp-json\/wp\/v2\/types\/post"}],"author":[{"embeddable":true,"href":"https:\/\/sgvaimudar.com.br\/index.php\/wp-json\/wp\/v2\/users\/5"}],"replies":[{"embeddable":true,"href":"https:\/\/sgvaimudar.com.br\/index.php\/wp-json\/wp\/v2\/comments?post=5306"}],"version-history":[{"count":2,"href":"https:\/\/sgvaimudar.com.br\/index.php\/wp-json\/wp\/v2\/posts\/5306\/revisions"}],"predecessor-version":[{"id":5311,"href":"https:\/\/sgvaimudar.com.br\/index.php\/wp-json\/wp\/v2\/posts\/5306\/revisions\/5311"}],"wp:featuredmedia":[{"embeddable":true,"href":"https:\/\/sgvaimudar.com.br\/index.php\/wp-json\/wp\/v2\/media\/5307"}],"wp:attachment":[{"href":"https:\/\/sgvaimudar.com.br\/index.php\/wp-json\/wp\/v2\/media?parent=5306"}],"wp:term":[{"taxonomy":"category","embeddable":true,"href":"https:\/\/sgvaimudar.com.br\/index.php\/wp-json\/wp\/v2\/categories?post=5306"},{"taxonomy":"post_tag","embeddable":true,"href":"https:\/\/sgvaimudar.com.br\/index.php\/wp-json\/wp\/v2\/tags?post=5306"}],"curies":[{"name":"wp","href":"https:\/\/api.w.org\/{rel}","templated":true}]}}