{"id":5295,"date":"2024-04-25T12:14:13","date_gmt":"2024-04-25T15:14:13","guid":{"rendered":"https:\/\/sgvaimudar.com.br\/?p=5295"},"modified":"2024-04-25T12:25:26","modified_gmt":"2024-04-25T15:25:26","slug":"operacao-saude-leva-prestacao-de-servicos-aos-pescadores-do-gradim","status":"publish","type":"post","link":"https:\/\/sgvaimudar.com.br\/index.php\/2024\/04\/25\/operacao-saude-leva-prestacao-de-servicos-aos-pescadores-do-gradim\/","title":{"rendered":"Opera\u00e7\u00e3o Sa\u00fade leva presta\u00e7\u00e3o de servi\u00e7os aos pescadores do Gradim"},"content":{"rendered":"\n<p>A Col\u00f4nia dos Pescadores do Gradim recebeu, na \u00faltima quarta-feira (24\/4), a Opera\u00e7\u00e3o Sa\u00fade. A a\u00e7\u00e3o levou servi\u00e7os de sa\u00fade para os pescadores, suas fam\u00edlias e moradores do bairro. A presta\u00e7\u00e3o de servi\u00e7os \u00e9 realizada pelo N\u00facleo de Educa\u00e7\u00e3o Permanente em Sa\u00fade (Neps) da Secretaria de Sa\u00fade e Defesa Civil da Prefeitura de S\u00e3o Gon\u00e7alo. Al\u00e9m dos servi\u00e7os, os usu\u00e1rios puderam conhecer os programas do Departamento de Programas (Depro).<\/p>\n\n\n\n<figure class=\"wp-block-image size-large\"><img fetchpriority=\"high\" decoding=\"async\" width=\"1024\" height=\"683\" src=\"https:\/\/sgvaimudar.com.br\/wp-content\/uploads\/2024\/04\/unnamed-1-2-1024x683.jpg\" alt=\"\" class=\"wp-image-5297\" srcset=\"https:\/\/sgvaimudar.com.br\/wp-content\/uploads\/2024\/04\/unnamed-1-2-1024x683.jpg 1024w, https:\/\/sgvaimudar.com.br\/wp-content\/uploads\/2024\/04\/unnamed-1-2-300x200.jpg 300w, https:\/\/sgvaimudar.com.br\/wp-content\/uploads\/2024\/04\/unnamed-1-2-768x512.jpg 768w, https:\/\/sgvaimudar.com.br\/wp-content\/uploads\/2024\/04\/unnamed-1-2-1536x1024.jpg 1536w, https:\/\/sgvaimudar.com.br\/wp-content\/uploads\/2024\/04\/unnamed-1-2.jpg 1620w\" sizes=\"(max-width: 1024px) 100vw, 1024px\" \/><\/figure>\n\n\n\n<p>Logo na primeira hora, uma pescadora e uma auxiliar administrativa da Col\u00f4nia de Pescadores tiveram que ser levadas para o Pronto Socorro Central (PSC), no Z\u00e9 Garoto. A primeira estava com o n\u00edvel de a\u00e7\u00facar no sangue alto (glicose) e a segunda com press\u00e3o alta. Maria de F\u00e1tima Ar\u00e3o de Oliveira, de 51 anos, j\u00e1 sabia que era diab\u00e9tica, mas estava sem tomar a sua medica\u00e7\u00e3o h\u00e1 uma semana.<\/p>\n\n\n\n<p>O primeiro servi\u00e7o que ela foi conferir na Opera\u00e7\u00e3o Sa\u00fade foi a medi\u00e7\u00e3o da glicose, mas pretendia aproveitar todos os outros antes de ser levada para o PSC, mas n\u00e3o deu tempo. \u201cEu preciso desses atendimentos. N\u00e3o tenho tempo para marcar m\u00e9dico por conta do trabalho e vou aproveitar tudo que tiver aqui hoje. J\u00e1 descobri que minha glicose est\u00e1 alta\u201d, contou Maria de F\u00e1tima, minutos antes de ser levada para o hospital.<\/p>\n\n\n\n<figure class=\"wp-block-image size-large\"><img decoding=\"async\" width=\"1024\" height=\"683\" src=\"https:\/\/sgvaimudar.com.br\/wp-content\/uploads\/2024\/04\/unnamed-2-2-1024x683.jpg\" alt=\"\" class=\"wp-image-5298\" srcset=\"https:\/\/sgvaimudar.com.br\/wp-content\/uploads\/2024\/04\/unnamed-2-2-1024x683.jpg 1024w, https:\/\/sgvaimudar.com.br\/wp-content\/uploads\/2024\/04\/unnamed-2-2-300x200.jpg 300w, https:\/\/sgvaimudar.com.br\/wp-content\/uploads\/2024\/04\/unnamed-2-2-768x512.jpg 768w, https:\/\/sgvaimudar.com.br\/wp-content\/uploads\/2024\/04\/unnamed-2-2-1536x1024.jpg 1536w, https:\/\/sgvaimudar.com.br\/wp-content\/uploads\/2024\/04\/unnamed-2-2.jpg 1620w\" sizes=\"(max-width: 1024px) 100vw, 1024px\" \/><\/figure>\n\n\n\n<p>O mesmo aconteceu com Maria Aparecida dos Santos Oliveira, de 66 anos. Ela contou que \u00e9 diab\u00e9tica, mas nunca teve problemas com a press\u00e3o arterial. \u201cEu estava me sentindo estranha desde domingo. E hoje piorou. Quando mediram a minha press\u00e3o, confirmaram que ela estava alta. Ainda bem que teve essa Opera\u00e7\u00e3o Sa\u00fade aqui hoje\u201d, disse Maria Aparecida, que tamb\u00e9m foi levada para o PSC.<\/p>\n\n\n\n<p>A Opera\u00e7\u00e3o Sa\u00fade oferece servi\u00e7os de sa\u00fade como aferi\u00e7\u00e3o de press\u00e3o, glicose, testes r\u00e1pidos de infec\u00e7\u00f5es sexualmente transmiss\u00edveis (ISTs): s\u00edfilis, Aids e hepatites e de PSA \u2013 exame de sangue que pode mostrar se o homem est\u00e1 com alguma doen\u00e7a na pr\u00f3stata, al\u00e9m da vacina\u00e7\u00e3o contra a gripe. As pessoas com resultados positivos nos exames s\u00e3o encaminhadas para tratamentos nas unidades de sa\u00fade.<\/p>\n\n\n\n<p>Na primeira edi\u00e7\u00e3o da Opera\u00e7\u00e3o Sa\u00fade para os pescadores, que aconteceu na Praia das Pedrinhas, em Boa Vista, h\u00e1 1 ano e seis meses, Rubens da Fonseca Vianna descobriu que estava com hepatite e cirrose hep\u00e1tica. Nesta quarta-feira (24), ele voltou \u00e0 nova edi\u00e7\u00e3o da Opera\u00e7\u00e3o Sa\u00fade para tomar a vacina contra a gripe e incentivar os outros pescadores a realizar todos os servi\u00e7os dispon\u00edveis.<\/p>\n\n\n\n<p>\u201cNa primeira, descobri a hepatite e a cirrose e fui encaminhado para os tratamentos necess\u00e1rios e hoje, estou curado. Voltei para incentivar a todos a usarem os servi\u00e7os. Se n\u00e3o fosse essa Opera\u00e7\u00e3o, eu n\u00e3o sei o que seria de mim hoje. Parei com tudo e, em breve, estarei de volta ao grupo para trabalhar\u201d, contou Rubens.<\/p>\n\n\n\n<p>&#8220;A Opera\u00e7\u00e3o Sa\u00fade acontece em v\u00e1rios bairros da cidade. Na \u00faltima semana, os trabalhadores de um estaleiro receberam a a\u00e7\u00e3o. No local, foram realizados 478 atendimentos&#8221;, afirmou o Executivo no texto.<\/p>\n\n\n\n<p><em>Fotos: J\u00falio Diniz<\/em><\/p>\n\n\n\n<p><em>Texto: Ascom PMSG<\/em><\/p>\n","protected":false},"excerpt":{"rendered":"<p>A Col\u00f4nia dos Pescadores do Gradim recebeu, na \u00faltima quarta-feira (24\/4), a Opera\u00e7\u00e3o Sa\u00fade. A a\u00e7\u00e3o levou servi\u00e7os de sa\u00fade&hellip;<\/p>\n","protected":false},"author":5,"featured_media":5296,"comment_status":"open","ping_status":"open","sticky":false,"template":"","format":"standard","meta":{"fifu_image_url":"","fifu_image_alt":"","footnotes":""},"categories":[7],"tags":[],"class_list":["post-5295","post","type-post","status-publish","format-standard","has-post-thumbnail","hentry","category-saude"],"_links":{"self":[{"href":"https:\/\/sgvaimudar.com.br\/index.php\/wp-json\/wp\/v2\/posts\/5295","targetHints":{"allow":["GET"]}}],"collection":[{"href":"https:\/\/sgvaimudar.com.br\/index.php\/wp-json\/wp\/v2\/posts"}],"about":[{"href":"https:\/\/sgvaimudar.com.br\/index.php\/wp-json\/wp\/v2\/types\/post"}],"author":[{"embeddable":true,"href":"https:\/\/sgvaimudar.com.br\/index.php\/wp-json\/wp\/v2\/users\/5"}],"replies":[{"embeddable":true,"href":"https:\/\/sgvaimudar.com.br\/index.php\/wp-json\/wp\/v2\/comments?post=5295"}],"version-history":[{"count":2,"href":"https:\/\/sgvaimudar.com.br\/index.php\/wp-json\/wp\/v2\/posts\/5295\/revisions"}],"predecessor-version":[{"id":5301,"href":"https:\/\/sgvaimudar.com.br\/index.php\/wp-json\/wp\/v2\/posts\/5295\/revisions\/5301"}],"wp:featuredmedia":[{"embeddable":true,"href":"https:\/\/sgvaimudar.com.br\/index.php\/wp-json\/wp\/v2\/media\/5296"}],"wp:attachment":[{"href":"https:\/\/sgvaimudar.com.br\/index.php\/wp-json\/wp\/v2\/media?parent=5295"}],"wp:term":[{"taxonomy":"category","embeddable":true,"href":"https:\/\/sgvaimudar.com.br\/index.php\/wp-json\/wp\/v2\/categories?post=5295"},{"taxonomy":"post_tag","embeddable":true,"href":"https:\/\/sgvaimudar.com.br\/index.php\/wp-json\/wp\/v2\/tags?post=5295"}],"curies":[{"name":"wp","href":"https:\/\/api.w.org\/{rel}","templated":true}]}}