{"id":5257,"date":"2024-04-24T09:00:00","date_gmt":"2024-04-24T12:00:00","guid":{"rendered":"https:\/\/sgvaimudar.com.br\/?p=5257"},"modified":"2024-04-23T18:06:50","modified_gmt":"2024-04-23T21:06:50","slug":"centro-de-referencia-em-autismo-completa-cinco-anos","status":"publish","type":"post","link":"https:\/\/sgvaimudar.com.br\/index.php\/2024\/04\/24\/centro-de-referencia-em-autismo-completa-cinco-anos\/","title":{"rendered":"Centro de Refer\u00eancia em Autismo completa cinco anos"},"content":{"rendered":"\n<p>Os atendidos do Centro de Refer\u00eancia Municipal em Autismo Maria Jos\u00e9 da Silva Rodrigues (CRMA), no Gradim, est\u00e3o em festa. A unidade, que atende pessoas com Transtorno do Espectro Autista (TEA), completou cinco anos de funcionamento e preparou brincadeiras como fliperama, pula-pula, tot\u00f3 e air hockey, al\u00e9m de um lanche preparado especialmente.<\/p>\n\n\n\n<figure class=\"wp-block-image size-full\"><img fetchpriority=\"high\" decoding=\"async\" width=\"1024\" height=\"736\" src=\"https:\/\/sgvaimudar.com.br\/wp-content\/uploads\/2024\/04\/unnamed-14-1.jpg\" alt=\"\" class=\"wp-image-5258\" srcset=\"https:\/\/sgvaimudar.com.br\/wp-content\/uploads\/2024\/04\/unnamed-14-1.jpg 1024w, https:\/\/sgvaimudar.com.br\/wp-content\/uploads\/2024\/04\/unnamed-14-1-300x216.jpg 300w, https:\/\/sgvaimudar.com.br\/wp-content\/uploads\/2024\/04\/unnamed-14-1-768x552.jpg 768w\" sizes=\"(max-width: 1024px) 100vw, 1024px\" \/><\/figure>\n\n\n\n<p>\u201c\u00c9 muito importante celebrar estes cinco anos de funcionamento dessa unidade que acolhe e ajuda tanto a comunidade. Os dois CRMAs est\u00e3o de parab\u00e9ns pelo atendimento aos autistas em S\u00e3o Gon\u00e7alo, trazendo as terapias necess\u00e1rias para que eles se desenvolvam. \u00c9 muito bom poder fornecer este tipo de atendimento no munic\u00edpio\u201d, disse o secret\u00e1rio de Educa\u00e7\u00e3o, Maur\u00edcio Nascimento.<\/p>\n\n\n\n<p>O Centro de Refer\u00eancia em Autismo Maria Jos\u00e9 da Silva Rodrigues realiza terapias personalizadas para a necessidade de cada atendido, que englobam Sala de Recursos, oficinas de Artes, Educa\u00e7\u00e3o Musical, Ingl\u00eas, Educa\u00e7\u00e3o F\u00edsica, Psicologia, Fonoaudiologia, Psicopedagogia, Fisioterapia, entre outras especialidades.<\/p>\n\n\n\n<figure class=\"wp-block-image size-full\"><img decoding=\"async\" width=\"1024\" height=\"699\" src=\"https:\/\/sgvaimudar.com.br\/wp-content\/uploads\/2024\/04\/unnamed-13-1.jpg\" alt=\"\" class=\"wp-image-5259\" srcset=\"https:\/\/sgvaimudar.com.br\/wp-content\/uploads\/2024\/04\/unnamed-13-1.jpg 1024w, https:\/\/sgvaimudar.com.br\/wp-content\/uploads\/2024\/04\/unnamed-13-1-300x205.jpg 300w, https:\/\/sgvaimudar.com.br\/wp-content\/uploads\/2024\/04\/unnamed-13-1-768x524.jpg 768w\" sizes=\"(max-width: 1024px) 100vw, 1024px\" \/><\/figure>\n\n\n\n<p>Tamb\u00e9m s\u00e3o oferecidos atendimentos com nutricionista, dentista, psiquiatra, assistentes social, t\u00e9cnico de enfermagem, que colaboram para o desenvolvimento pleno do autista. Al\u00e9m dos atendimentos, a unidade oferece uma merenda saud\u00e1vel, como forma de trabalhar a seletividade alimentar junto a nutri\u00e7\u00e3o.<\/p>\n\n\n\n<p>Al\u00e9m do cuidado com os atendidos, h\u00e1 tamb\u00e9m um acolhimento dos respons\u00e1veis que, muitas vezes, ficam na sala de espera aguardando os atendimentos. Aproveitando esse momento, j\u00e1 foram promovidos v\u00e1rios projetos como palestras, cursos , oficinas de maquiagem, culin\u00e1ria, atendimento com dentista e rodas de conversa para otimizar o tempo dos respons\u00e1veis.<\/p>\n\n\n\n<p>O ingresso nos Centros de Refer\u00eancia em Autismo acontece por meio de sorteio e, no momento, \u00e9 preciso aguardar a disponibiliza\u00e7\u00e3o de novas vagas. Para pleitear um lugar, o candidato deve ter laudo de autismo, morar no munic\u00edpio de S\u00e3o Gon\u00e7alo e estar devidamente matriculado em uma escola municipal.<\/p>\n\n\n\n<p><em>Fotos: Luiz Carvalho<\/em><\/p>\n\n\n\n<p><em>Texto: Ascom PMSG<\/em><\/p>\n","protected":false},"excerpt":{"rendered":"<p>Os atendidos do Centro de Refer\u00eancia Municipal em Autismo Maria Jos\u00e9 da Silva Rodrigues (CRMA), no Gradim, est\u00e3o em festa.&hellip;<\/p>\n","protected":false},"author":5,"featured_media":5260,"comment_status":"open","ping_status":"open","sticky":false,"template":"","format":"standard","meta":{"fifu_image_url":"","fifu_image_alt":"","footnotes":""},"categories":[3],"tags":[],"class_list":["post-5257","post","type-post","status-publish","format-standard","has-post-thumbnail","hentry","category-sao-goncalo"],"_links":{"self":[{"href":"https:\/\/sgvaimudar.com.br\/index.php\/wp-json\/wp\/v2\/posts\/5257","targetHints":{"allow":["GET"]}}],"collection":[{"href":"https:\/\/sgvaimudar.com.br\/index.php\/wp-json\/wp\/v2\/posts"}],"about":[{"href":"https:\/\/sgvaimudar.com.br\/index.php\/wp-json\/wp\/v2\/types\/post"}],"author":[{"embeddable":true,"href":"https:\/\/sgvaimudar.com.br\/index.php\/wp-json\/wp\/v2\/users\/5"}],"replies":[{"embeddable":true,"href":"https:\/\/sgvaimudar.com.br\/index.php\/wp-json\/wp\/v2\/comments?post=5257"}],"version-history":[{"count":1,"href":"https:\/\/sgvaimudar.com.br\/index.php\/wp-json\/wp\/v2\/posts\/5257\/revisions"}],"predecessor-version":[{"id":5261,"href":"https:\/\/sgvaimudar.com.br\/index.php\/wp-json\/wp\/v2\/posts\/5257\/revisions\/5261"}],"wp:featuredmedia":[{"embeddable":true,"href":"https:\/\/sgvaimudar.com.br\/index.php\/wp-json\/wp\/v2\/media\/5260"}],"wp:attachment":[{"href":"https:\/\/sgvaimudar.com.br\/index.php\/wp-json\/wp\/v2\/media?parent=5257"}],"wp:term":[{"taxonomy":"category","embeddable":true,"href":"https:\/\/sgvaimudar.com.br\/index.php\/wp-json\/wp\/v2\/categories?post=5257"},{"taxonomy":"post_tag","embeddable":true,"href":"https:\/\/sgvaimudar.com.br\/index.php\/wp-json\/wp\/v2\/tags?post=5257"}],"curies":[{"name":"wp","href":"https:\/\/api.w.org\/{rel}","templated":true}]}}