{"id":5203,"date":"2024-04-22T07:42:11","date_gmt":"2024-04-22T10:42:11","guid":{"rendered":"https:\/\/sgvaimudar.com.br\/?p=5203"},"modified":"2024-04-22T07:42:12","modified_gmt":"2024-04-22T10:42:12","slug":"sao-goncalo-segue-vacinando-contra-covid-10-e-gripe","status":"publish","type":"post","link":"https:\/\/sgvaimudar.com.br\/index.php\/2024\/04\/22\/sao-goncalo-segue-vacinando-contra-covid-10-e-gripe\/","title":{"rendered":"S\u00e3o Gon\u00e7alo segue vacinando contra covid-10 e gripe"},"content":{"rendered":"\n<p>A vacina\u00e7\u00e3o contra o coronav\u00edrus e contra a gripe est\u00e1 dispon\u00edvel para os gon\u00e7alenses com mais de seis meses em 60 unidades de sa\u00fade, das 8h \u00e0s 17h, a partir da pr\u00f3xima quarta-feira. Nesta segunda-feira, ponto facultativo, e na ter\u00e7a-feira, feriado estadual, o atendimento est\u00e1 suspenso. As Cl\u00ednicas Gon\u00e7alenses do Mutondo e da Fam\u00edlia, Dr. Zerbini, no Arsenal, vacinam das 8h \u00e0s 21h; e aos s\u00e1bados, das 8h \u00e0s 12h.\u00a0<\/p>\n\n\n\n<p>&nbsp;&nbsp;&nbsp;&nbsp;Com o novo esquema de vacina\u00e7\u00e3o recomendado pelo Minist\u00e9rio da Sa\u00fade, os gon\u00e7alenses com mais de 60 anos e imunossuprimidos com mais de 12 anos que t\u00eam mais de seis meses de intervalo da aplica\u00e7\u00e3o da vacina bivalente contra o coronav\u00edrus podem tomar o refor\u00e7o do imunizante.&nbsp;<\/p>\n\n\n\n<p>&nbsp;&nbsp;&nbsp;&nbsp;A primeira dose da bivalente pode ser aplicada nos maiores de 18 anos. Os imunossuprimidos, gestantes e pu\u00e9rperas (at\u00e9 45 dias ap\u00f3s o parto) e pessoas com defici\u00eancia permanente com mais de 12 anos tamb\u00e9m podem receber a vacina bivalente. Para os demais p\u00fablicos, as doses est\u00e3o dispon\u00edveis conforme o esquema de vacina\u00e7\u00e3o de cada indiv\u00edduo.&nbsp;<\/p>\n\n\n\n<p>&nbsp;&nbsp;&nbsp;&nbsp;A mudan\u00e7a para a aplica\u00e7\u00e3o da dose de refor\u00e7o da vacina bivalente para grupos priorit\u00e1rios \u00e9 uma recomenda\u00e7\u00e3o do Minist\u00e9rio da Sa\u00fade. O intervalo m\u00ednimo para administra\u00e7\u00e3o da dose de refor\u00e7o \u00e9 de seis meses para pessoas com 60 anos ou mais, gestantes e pu\u00e9rperas e imunocomprometidos. A partir deste ano, para os demais grupos priorit\u00e1rios, ser\u00e1 aplicada uma dose anual.<\/p>\n\n\n\n<p>&nbsp;&nbsp;&nbsp;Os grupos priorit\u00e1rios que ter\u00e3o dose de refor\u00e7o anual da vacina contra o coronav\u00edrus s\u00e3o: pessoas que vivem em institui\u00e7\u00f5es de longa perman\u00eancia (Ilpis), ind\u00edgenas, trabalhadores da sa\u00fade, pessoas com comorbidades, pessoas com defici\u00eancia permanente, pessoas privadas de liberdade e adolescentes cumprindo medidas socioeducativas, profissionais do sistema prisional e pessoas em situa\u00e7\u00e3o de rua.&nbsp;<\/p>\n\n\n\n<p>&nbsp;&nbsp;Para as crian\u00e7as entre seis meses e 4 anos, 11 meses e 29 dias, a vacina\u00e7\u00e3o entrou para o calend\u00e1rio nacional de vacina\u00e7\u00e3o infantil. A idade recomendada para a vacina\u00e7\u00e3o \u00e9: primeira dose aos 6 meses; segunda dose aos 7 meses e terceira dose aos 9 meses de idade. O intervalo recomendado \u00e9 de 4 semanas entre a primeira e a segunda dose e 8 semanas entre a segunda e a terceira dose.<\/p>\n\n\n\n<p>&nbsp;&nbsp;&nbsp;&nbsp;&nbsp;Para os demais p\u00fablicos, o refor\u00e7o n\u00e3o est\u00e1 recomendado. Contudo, se um indiv\u00edduo que n\u00e3o tenha sido vacinado anteriormente (nenhuma dose pr\u00e9via) ou que tenha recebido apenas uma dose da vacina contra a covid-19 optar por se vacinar, poder\u00e1 iniciar e\/ou completar o esquema prim\u00e1rio de vacina\u00e7\u00e3o, que consiste em duas doses da vacina dispon\u00edvel e recomendada para a idade, com intervalo m\u00ednimo de 4 semanas entre as doses.<\/p>\n\n\n\n<p>&nbsp;&nbsp;&nbsp;<strong>Gripe&nbsp;<\/strong>\u2013 A vacina\u00e7\u00e3o contra a gripe est\u00e1 dispon\u00edvel para todos os gon\u00e7alenses com mais de seis meses. O imunizante pode ser aplicado no mesmo dia da vacina contra o coronav\u00edrus. A Estrat\u00e9gia Nacional de Vacina\u00e7\u00e3o segue at\u00e9 o dia 31 de maio. A&nbsp;contraindica\u00e7\u00e3o \u00e9 para pessoas com hist\u00f3rico de forma grave de alergia a doses anteriores. Os gon\u00e7alenses gripados e\/ou com febre tamb\u00e9m devem adiar a vacina\u00e7\u00e3o at\u00e9 a resolu\u00e7\u00e3o do caso.<\/p>\n\n\n\n<p>&nbsp;&nbsp;&nbsp;&nbsp;&nbsp;Para que a vacina\u00e7\u00e3o seja garantida, os gon\u00e7alenses devem chegar meia hora antes da previs\u00e3o de fechamento das unidades em todos os dias de funcionamento. Para a imuniza\u00e7\u00e3o, os gon\u00e7alenses devem levar identifica\u00e7\u00e3o pessoal e comprova\u00e7\u00e3o das vacina\u00e7\u00f5es anteriores, caso haja.&nbsp;&nbsp;&nbsp;<\/p>\n\n\n\n<p>&nbsp;&nbsp;&nbsp;&nbsp;<strong>Acamados<\/strong>&nbsp;\u2013 Os respons\u00e1veis devem enviar e-mail para:&nbsp;<a href=\"mailto:vacina.acamados.sg@gmail.com\" rel=\"noreferrer noopener\" target=\"_blank\">vacina.acamados.sg@gmail.com<\/a>&nbsp;para solicitar a vacina\u00e7\u00e3o em casa com as seguintes informa\u00e7\u00f5es: nome, endere\u00e7o, comorbidade ou defici\u00eancia permanente, motivo de ser acamado, idade e telefone para contato.<\/p>\n\n\n\n<p>Locais de vacina\u00e7\u00e3o de seis meses a 11 anos, 11 meses e 29 dias:<\/p>\n\n\n\n<p>1 \u2013 Polo Sanit\u00e1rio H\u00e9lio Cruz, Alc\u00e2ntara<\/p>\n\n\n\n<p>2 \u2013 Polo Sanit\u00e1rio Jorge Teixeira de Lima, Jardim Catarina<\/p>\n\n\n\n<p>3 \u2013 Polo Sanit\u00e1rio Paulo Marques Rangel, Porto do Rosa<\/p>\n\n\n\n<p>4 \u2013 Polo Sanit\u00e1rio Washington Luiz Lopes, Z\u00e9 Garoto<\/p>\n\n\n\n<p>5 \u2013 Polo Sanit\u00e1rio Augusto Sena, Rio do Ouro<\/p>\n\n\n\n<p>6 \u2013 Cl\u00ednica Gon\u00e7alense do Mutondo<\/p>\n\n\n\n<p>7 \u2013 USF Alexander Fleming, Boa\u00e7u<\/p>\n\n\n\n<p>8 \u2013 Cl\u00ednica Municipal da Fam\u00edlia Dr. Zerbini, Arsenal<\/p>\n\n\n\n<p><strong>Locais de vacina\u00e7\u00e3o contra o coronav\u00edrus acima de 12 anos e contra a gripe:<\/strong><\/p>\n\n\n\n<p>1 \u2013 Polo Sanit\u00e1rio Paulo Marques Rangel, Porto do Rosa<\/p>\n\n\n\n<p>2 \u2013 USF Jos\u00e9 Bruno Neto, Boa Vista<\/p>\n\n\n\n<p>3 \u2013 USF Jos\u00e9 Avelino de Souza, Tribob\u00f3<\/p>\n\n\n\n<p>4 \u2013 USF Agenor Jos\u00e9 da Silva, Jardim Catarina<\/p>\n\n\n\n<p>5 \u2013 USF Louis Pasteur, Guaxindiba<\/p>\n\n\n\n<p>6 \u2013 Cl\u00ednica Gon\u00e7alense do Barro Vermelho<\/p>\n\n\n\n<p>7 \u2013 PAM Coelho<\/p>\n\n\n\n<p>8 \u2013 Polo Sanit\u00e1rio Washington Luiz Lopes, Z\u00e9 Garoto<\/p>\n\n\n\n<p>9 \u2013 USF Haroldo Pereira Nunes, Porto Novo<\/p>\n\n\n\n<p>10 \u2013 USF Barbosa Lima Sobrinho, Boa Vista<\/p>\n\n\n\n<p>11 \u2013 Cl\u00ednica Gon\u00e7alense do Mutondo<\/p>\n\n\n\n<p>12 \u2013 USF Oswaldo Cruz, Amendoeira<\/p>\n\n\n\n<p>13 \u2013 USF Floren\u00e7a Pereira, Largo da Ideia<\/p>\n\n\n\n<p>14 \u2013 Polo Sanit\u00e1rio H\u00e9lio Cruz, Alc\u00e2ntara<\/p>\n\n\n\n<p>15 \u2013 USF Juarez Antunes, Laranjal<\/p>\n\n\n\n<p>16 \u2013 Polo Sanit\u00e1rio Rio do Ouro<\/p>\n\n\n\n<p>17 \u2013 USF Anaia<\/p>\n\n\n\n<p>18 \u2013 USF Ana Nery, Gradim&nbsp;&nbsp;&nbsp;&nbsp;&nbsp;&nbsp;&nbsp;&nbsp;&nbsp;&nbsp;&nbsp;&nbsp;&nbsp;&nbsp;&nbsp;&nbsp;<\/p>\n\n\n\n<p>19 \u2013 Polo Sanit\u00e1rio Jorge Teixeira de Lima, Jardim Catarina<\/p>\n\n\n\n<p>20 \u2013 USF Em\u00edlio Ribas, Barrac\u00e3o<\/p>\n\n\n\n<p>21 \u2013 USF Manoel de Abreu, Ipi\u00edba<\/p>\n\n\n\n<p>22 \u2013 USF Altair da Silva, Mutu\u00e1&nbsp;<\/p>\n\n\n\n<p>23 \u2013 USF Madre Teresa de Calcut\u00e1, Estrela do Norte<\/p>\n\n\n\n<p>24 \u2013 USF Neuza Goulart, Palmeiras<\/p>\n\n\n\n<p>25 \u2013 USF Fl\u00e1vio Henrique de Brito, J\u00f3quei<\/p>\n\n\n\n<p>26 \u2013 USF Jardel do Amaral, Venda da Cruz<\/p>\n\n\n\n<p>27 \u2013 USF Luiz Paulo Guimar\u00e3es, Laranjal<\/p>\n\n\n\n<p>28 \u2013 USF Gladys Rodrigues Ramos Freitas, Santa Isabel<\/p>\n\n\n\n<p>29 \u2013 USF Jo\u00e3o Goulart, Jardim Catarina<\/p>\n\n\n\n<p>30 \u2013 USF Marechal C\u00e2ndido Rondon, Capote<\/p>\n\n\n\n<p>31 \u2013 USF Ary Teixeira, Jardim Bom Retiro<\/p>\n\n\n\n<p>32 \u2013 USF Luiz Carlos Prestes, Santa Catarina<\/p>\n\n\n\n<p>33 \u2013 USF Badger Silveira, Tribob\u00f3<\/p>\n\n\n\n<p>34 \u2013 USF Victor Chimelly, Paiva&nbsp;<\/p>\n\n\n\n<p>35 \u2013 Cl\u00ednica Municipal da Fam\u00edlia Dr. Zerbini, Arsenal<\/p>\n\n\n\n<p>36 \u2013 USF Alexander Fleming, Boa\u00e7u<\/p>\n\n\n\n<p>37 \u2013 PAM Neves<\/p>\n\n\n\n<p>38 \u2013 USF Tancredo Neves, Luiz Ca\u00e7ador<\/p>\n\n\n\n<p>39 \u2013 USF Geremias de Mattos Fontes, Jardim Bom Retiro<\/p>\n\n\n\n<p>40 \u2013 USF Quinta Dom Ricardo<\/p>\n\n\n\n<p>41 \u2013 USF Wally Figueiras da Silva, Rocha<\/p>\n\n\n\n<p>42 \u2013 USF Hiparco Ferreira, Engenho do Ro\u00e7ado<\/p>\n\n\n\n<p>43 \u2013 USF Almerinda<\/p>\n\n\n\n<p>44 \u2013 Espa\u00e7o Sa\u00fade N\u00e3o Pode Esperar, Shopping S\u00e3o Gon\u00e7alo, Boa Vista<\/p>\n\n\n\n<p>45 \u2013 Cl\u00ednica Municipal do Coluband\u00ea<\/p>\n\n\n\n<p>46 \u2013 USF Presidente Get\u00falio Vargas, Boa Vista<\/p>\n\n\n\n<p>47 \u2013 USF Dr. Robert Koch, Porto da Madama<\/p>\n\n\n\n<p>48 \u2013 USF Juvenil Francisco Ribeiro, Engenho Pequeno<\/p>\n\n\n\n<p>49 \u2013 USF Bocayuva Cunha, Gradim<\/p>\n\n\n\n<p>50 \u2013 USF Roberto Silveira<\/p>\n\n\n\n<p>51 \u2013 USF Santa Luzia<\/p>\n\n\n\n<p>52 \u2013 USF Port\u00e3o do Rosa<\/p>\n\n\n\n<p>53 \u2013 USF An\u00edbal Porto, Monjolos<\/p>\n\n\n\n<p>54 \u2013 USF Alberto Constantino Farah, Mutu\u00e1&nbsp;<\/p>\n\n\n\n<p>55 \u2013 USF Floriano Barbosa, Jardim Catarina<\/p>\n\n\n\n<p>56 \u2013 USF Marambaia<\/p>\n\n\n\n<p>57 \u2013 Policl\u00ednica Gon\u00e7alense de Refer\u00eancia para Doen\u00e7as Cr\u00f4nicas e Transmiss\u00edveis, Parada 40&nbsp;<\/p>\n\n\n\n<p>58 \u2013 USF Z\u00e9 Garoto<\/p>\n\n\n\n<p>59 \u2013 USF Adolfo Lutz, Amendoeira<\/p>\n\n\n\n<p>60 \u2013 USF Waldemar Costa, Jardim Miriambi.<\/p>\n","protected":false},"excerpt":{"rendered":"<p>A vacina\u00e7\u00e3o contra o coronav\u00edrus e contra a gripe est\u00e1 dispon\u00edvel para os gon\u00e7alenses com mais de seis meses em&hellip;<\/p>\n","protected":false},"author":5,"featured_media":5204,"comment_status":"open","ping_status":"open","sticky":false,"template":"","format":"standard","meta":{"fifu_image_url":"","fifu_image_alt":"","footnotes":""},"categories":[3],"tags":[],"class_list":["post-5203","post","type-post","status-publish","format-standard","has-post-thumbnail","hentry","category-sao-goncalo"],"_links":{"self":[{"href":"https:\/\/sgvaimudar.com.br\/index.php\/wp-json\/wp\/v2\/posts\/5203","targetHints":{"allow":["GET"]}}],"collection":[{"href":"https:\/\/sgvaimudar.com.br\/index.php\/wp-json\/wp\/v2\/posts"}],"about":[{"href":"https:\/\/sgvaimudar.com.br\/index.php\/wp-json\/wp\/v2\/types\/post"}],"author":[{"embeddable":true,"href":"https:\/\/sgvaimudar.com.br\/index.php\/wp-json\/wp\/v2\/users\/5"}],"replies":[{"embeddable":true,"href":"https:\/\/sgvaimudar.com.br\/index.php\/wp-json\/wp\/v2\/comments?post=5203"}],"version-history":[{"count":1,"href":"https:\/\/sgvaimudar.com.br\/index.php\/wp-json\/wp\/v2\/posts\/5203\/revisions"}],"predecessor-version":[{"id":5205,"href":"https:\/\/sgvaimudar.com.br\/index.php\/wp-json\/wp\/v2\/posts\/5203\/revisions\/5205"}],"wp:featuredmedia":[{"embeddable":true,"href":"https:\/\/sgvaimudar.com.br\/index.php\/wp-json\/wp\/v2\/media\/5204"}],"wp:attachment":[{"href":"https:\/\/sgvaimudar.com.br\/index.php\/wp-json\/wp\/v2\/media?parent=5203"}],"wp:term":[{"taxonomy":"category","embeddable":true,"href":"https:\/\/sgvaimudar.com.br\/index.php\/wp-json\/wp\/v2\/categories?post=5203"},{"taxonomy":"post_tag","embeddable":true,"href":"https:\/\/sgvaimudar.com.br\/index.php\/wp-json\/wp\/v2\/tags?post=5203"}],"curies":[{"name":"wp","href":"https:\/\/api.w.org\/{rel}","templated":true}]}}