{"id":5174,"date":"2024-04-21T08:00:00","date_gmt":"2024-04-21T11:00:00","guid":{"rendered":"https:\/\/sgvaimudar.com.br\/?p=5174"},"modified":"2024-04-20T08:36:55","modified_gmt":"2024-04-20T11:36:55","slug":"forum-sobre-fortalecimento-das-acoes-em-saude-e-realizado-em-tribobo","status":"publish","type":"post","link":"https:\/\/sgvaimudar.com.br\/index.php\/2024\/04\/21\/forum-sobre-fortalecimento-das-acoes-em-saude-e-realizado-em-tribobo\/","title":{"rendered":"F\u00f3rum sobre fortalecimento das a\u00e7\u00f5es em sa\u00fade \u00e9 realizado em Tribob\u00f3"},"content":{"rendered":"\n<p>A Secretaria de Sa\u00fade e Defesa Civil da Prefeitura de S\u00e3o Gon\u00e7alo e o Conselho Municipal de Sa\u00fade de S\u00e3o Gon\u00e7alo (CMS-SG) realizaram, na \u00faltima sexta-feira (19), o 1\u00ba F\u00f3rum Municipal de Gest\u00e3o do Trabalho e Educa\u00e7\u00e3o na Sa\u00fade de S\u00e3o Gon\u00e7alo, no audit\u00f3rio do Sest\/Senat, em Tribob\u00f3. <\/p>\n\n\n\n<p>O encontro formou grupos de trabalho para discutir estrat\u00e9gias para o fortalecimento das gest\u00f5es e a\u00e7\u00f5es de trabalho e educa\u00e7\u00e3o na \u00e1rea da sa\u00fade para os servidores.<\/p>\n\n\n\n<p>O F\u00f3rum teve como tema \u201cDemocracia, Trabalho e Educa\u00e7\u00e3o na Sa\u00fade para o Desenvolvimento: Gente que Faz o SUS acontecer\u201d. As a\u00e7\u00f5es propostas seguem para 1\u00aa Confer\u00eancia Regional de Gest\u00e3o do Trabalho e Educa\u00e7\u00e3o na Sa\u00fade da Regi\u00e3o Metropolitana II, que acontecer\u00e1 em Itabora\u00ed e, posteriormente, para as Confer\u00eancias Estadual e Nacional.&nbsp;<\/p>\n\n\n\n<p>O F\u00f3rum foi composto por uma mesa principal com Ana Cl\u00e1udia Pinnas, subsecret\u00e1ria de Sa\u00fade Coletiva da Semsadc; Carlos Guilherme Pereira J\u00fanior, vice-presidente de Planejamento em Sa\u00fade, Projetos e Capta\u00e7\u00e3o de Recursos da Semsadc; Bruno Porto, vereador e presidente da Comiss\u00e3o Permanente de Sa\u00fade e Assist\u00eancia Social da C\u00e2mara de Vereadores de S\u00e3o Gon\u00e7alo; Jozildo Rodrigues de Souza, presidente do Conselho Municipal de Sa\u00fade; Viviane dos Santos Oliveira, coordenadora do Programa de Sa\u00fade do Trabalhador da Semsadc; e Cl\u00e1udio Oliveira, conselheiro suplente do Conselho Nacional de Sa\u00fade da Regi\u00e3o Metropolitana II.&nbsp;<\/p>\n\n\n\n<p>\u201cEstou muito honrada de estar aqui neste espa\u00e7o de democracia, de valoriza\u00e7\u00e3o do Sistema \u00danico de Sa\u00fade (SUS). Nosso sentimento \u00e9 de gratid\u00e3o a todos porque fazemos parte dessa grande engrenagem de important\u00edssimo valor. N\u00f3s somos meros gestores conduzindo essa m\u00e1quina linda que \u00e9 o SUS. Que tenhamos um dia proveitoso, de valoriza\u00e7\u00e3o do SUS e dos servidores, que est\u00e3o construindo esse espa\u00e7o democr\u00e1tico de grande valor para a nossa cidade\u201d, disse a subsecret\u00e1ria.<\/p>\n\n\n\n<p>Ap\u00f3s a forma\u00e7\u00e3o da mesa, aconteceram as palestras sobre os respectivos eixos: \u201cDemocracia, controle social e o desafio da equidade na gest\u00e3o participativa do trabalho e da educa\u00e7\u00e3o em sa\u00fade\u201d; \u201cTrabalho digno, decente, seguro, humanizado, equ\u00e2nime e democr\u00e1tico no SUS: uma agenda estrat\u00e9gica para o futuro do Brasil\u201d e \u201cEduca\u00e7\u00e3o para o desenvolvimento do trabalho na produ\u00e7\u00e3o da sa\u00fade e do cuidado das pessoas que fazem o SUS acontecer: a sa\u00fade da democracia para a democracia da sa\u00fade\u201d.&nbsp;<\/p>\n\n\n\n<p>As palestras foram apresentadas pela professora do Instituto de Sa\u00fade Coletiva da Universidade Federal Fluminense (UFF) e enfermeira sanitarista Manuelle Matias; pelo enfermeiro, MBA em Gest\u00e3o Hospitalar e respons\u00e1vel t\u00e9cnico pelo Polo Sanit\u00e1rio Paulo Marques Rangel, Felipe Sales; e pela assessora de planejamento da vice-presid\u00eancia de Planejamento em Sa\u00fade, Projetos e Capta\u00e7\u00e3o de Recursos, B\u00e1rbara Celeste Rolim.&nbsp;<\/p>\n\n\n\n<p>Na parte da tarde, foram formados os grupos de trabalho para a efetiva\u00e7\u00e3o das propostas. Ap\u00f3s a elabora\u00e7\u00e3o, elas foram apresentadas no plen\u00e1rio e escolhidas \u2013 atrav\u00e9s de vota\u00e7\u00e3o de conselheiros e convidados inscritos. Destas propostas aprovadas, o Conselho Municipal de Sa\u00fade ir\u00e1 realizar um relat\u00f3rio para ser apresentado na 1\u00aa Confer\u00eancia Regional de Gest\u00e3o do Trabalho e Educa\u00e7\u00e3o na Sa\u00fade da Regi\u00e3o Metropolitana II. As delibera\u00e7\u00f5es podem ser transformadas em a\u00e7\u00f5es efetivas na sa\u00fade p\u00fablica.&nbsp;<\/p>\n","protected":false},"excerpt":{"rendered":"<p>A Secretaria de Sa\u00fade e Defesa Civil da Prefeitura de S\u00e3o Gon\u00e7alo e o Conselho Municipal de Sa\u00fade de S\u00e3o&hellip;<\/p>\n","protected":false},"author":5,"featured_media":5175,"comment_status":"open","ping_status":"open","sticky":false,"template":"","format":"standard","meta":{"fifu_image_url":"","fifu_image_alt":"","footnotes":""},"categories":[7],"tags":[],"class_list":["post-5174","post","type-post","status-publish","format-standard","has-post-thumbnail","hentry","category-saude"],"_links":{"self":[{"href":"https:\/\/sgvaimudar.com.br\/index.php\/wp-json\/wp\/v2\/posts\/5174","targetHints":{"allow":["GET"]}}],"collection":[{"href":"https:\/\/sgvaimudar.com.br\/index.php\/wp-json\/wp\/v2\/posts"}],"about":[{"href":"https:\/\/sgvaimudar.com.br\/index.php\/wp-json\/wp\/v2\/types\/post"}],"author":[{"embeddable":true,"href":"https:\/\/sgvaimudar.com.br\/index.php\/wp-json\/wp\/v2\/users\/5"}],"replies":[{"embeddable":true,"href":"https:\/\/sgvaimudar.com.br\/index.php\/wp-json\/wp\/v2\/comments?post=5174"}],"version-history":[{"count":1,"href":"https:\/\/sgvaimudar.com.br\/index.php\/wp-json\/wp\/v2\/posts\/5174\/revisions"}],"predecessor-version":[{"id":5176,"href":"https:\/\/sgvaimudar.com.br\/index.php\/wp-json\/wp\/v2\/posts\/5174\/revisions\/5176"}],"wp:featuredmedia":[{"embeddable":true,"href":"https:\/\/sgvaimudar.com.br\/index.php\/wp-json\/wp\/v2\/media\/5175"}],"wp:attachment":[{"href":"https:\/\/sgvaimudar.com.br\/index.php\/wp-json\/wp\/v2\/media?parent=5174"}],"wp:term":[{"taxonomy":"category","embeddable":true,"href":"https:\/\/sgvaimudar.com.br\/index.php\/wp-json\/wp\/v2\/categories?post=5174"},{"taxonomy":"post_tag","embeddable":true,"href":"https:\/\/sgvaimudar.com.br\/index.php\/wp-json\/wp\/v2\/tags?post=5174"}],"curies":[{"name":"wp","href":"https:\/\/api.w.org\/{rel}","templated":true}]}}