{"id":5111,"date":"2024-04-18T10:56:58","date_gmt":"2024-04-18T13:56:58","guid":{"rendered":"https:\/\/sgvaimudar.com.br\/?p=5111"},"modified":"2024-04-18T10:56:59","modified_gmt":"2024-04-18T13:56:59","slug":"dengue-estado-do-rio-tem-melhora-no-cenario-epidemiologico","status":"publish","type":"post","link":"https:\/\/sgvaimudar.com.br\/index.php\/2024\/04\/18\/dengue-estado-do-rio-tem-melhora-no-cenario-epidemiologico\/","title":{"rendered":"Dengue: estado do Rio tem melhora no cen\u00e1rio epidemiol\u00f3gico"},"content":{"rendered":"\n<p>A nova edi\u00e7\u00e3o do boletim Panorama da Dengue, divulgado recentemente pela Secretaria de Estado de Sa\u00fade (SES-RJ), mostra que o Estado do Rio saiu do n\u00edvel 3 do plano de conting\u00eancia da secretaria (quando o n\u00famero de casos prov\u00e1veis \u00e9 10 vezes acima do limite end\u00eamico), para o n\u00edvel 2 (entre 5 e 10 vezes). Apesar da redu\u00e7\u00e3o progressiva no n\u00famero de casos prov\u00e1veis registrados no estado ao longo das \u00faltimas tr\u00eas semanas, quatro regi\u00f5es: Serrana, Metropolitana I (Baixada Fluminense e Rio de Janeiro), Baixadas Litor\u00e2neas e Norte Fluminense, ainda apresentam cen\u00e1rio acima do esperado e est\u00e3o no n\u00edvel 3.<\/p>\n\n\n\n<p><br>De acordo com o boletim, o n\u00famero de casos prov\u00e1veis de dengue caiu quase 50% no estado passando de 14.782 na semana 12 (de 17\/03 a 23\/03) para 7.406 na semana 13 (de 24\/03 a 30\/03). Com base nos dados apresentados hoje pelos t\u00e9cnicos, a SES-RJ decidiu manter o decreto de epidemia e continuar analisando a situa\u00e7\u00e3o por pelo menos mais duas semanas. A Secretaria tamb\u00e9m prorrogou por mais 30 dias a atua\u00e7\u00e3o do Comit\u00ea de Emerg\u00eancia em Sa\u00fade (COEs) espec\u00edfico da dengue, que re\u00fane t\u00e9cnicos de v\u00e1rios setores da sa\u00fade estadual e tamb\u00e9m da Funda\u00e7\u00e3o Sa\u00fade.<\/p>\n\n\n\n<p>&#8211; Apesar da melhora no cen\u00e1rio epidemiol\u00f3gico, os indicadores ainda nos mostram que \u00e9 preciso manter toda a aten\u00e7\u00e3o nas medidas de controle dos focos do mosquito, assim como na observa\u00e7\u00e3o dos sintomas e no manejo cl\u00ednico desses pacientes. Ainda temos n\u00fameros acima do esperado para o momento, e a Regi\u00e3o Norte, que foi a \u00faltima a apresentar piora do cen\u00e1rio, segue com tend\u00eancia de alta nos casos &#8211;&nbsp;alerta Claudia Mello, secret\u00e1ria de Estado de Sa\u00fade do Rio de Janeiro.<\/p>\n\n\n\n<p><br>O Panorama da Dengue tem como diferencial o uso de um modelo de c\u00e1lculo epidemiol\u00f3gico conhecido como nowcasting, que leva em conta o atraso de inser\u00e7\u00e3o de dados no sistema de vigil\u00e2ncia. Com base no modelo, a SES-RJ estima que 6.368 casos estimados ainda devem ser notificados no per\u00edodo considerado no levantamento.<\/p>\n\n\n\n<p><strong>Atendimento em UPAs estaduais e solicita\u00e7\u00e3o de leitos tamb\u00e9m ca\u00edram<\/strong><\/p>\n\n\n\n<p>O Panorama da Dengue mostra tamb\u00e9m que os atendimentos de casos suspeitos da doen\u00e7a nas UPAs estaduais apresentaram queda de 15% entre as semanas epidemiol\u00f3gicas 12 e 13, com 9.468 atendimentos e 8.044 respectivamente.<\/p>\n\n\n\n<p>O n\u00famero de solicita\u00e7\u00f5es de leitos para pacientes com diagn\u00f3stico inicial de dengue apresentou diminui\u00e7\u00e3o nas tr\u00eas semanas observadas (da SE 11 a 13) no Sistema de Regula\u00e7\u00e3o Estadual do Estado do Rio de Janeiro (SER). A faixa et\u00e1ria de 10 a 15 anos, que apresentou aumento nas interna\u00e7\u00f5es na edi\u00e7\u00e3o anterior do levantamento, teve o n\u00famero de solicita\u00e7\u00f5es por leitos reduzido nesta edi\u00e7\u00e3o.<\/p>\n\n\n\n<p><strong>N\u00fameros da dengue no estado<\/strong><\/p>\n\n\n\n<p>At\u00e9 esta segunda-feira (15\/04), foram registrados 205.187 casos prov\u00e1veis de dengue e 109 \u00f3bitos confirmados em todo o estado do Rio de Janeiro. A taxa de incid\u00eancia acumulada est\u00e1 em 1.278 casos\/100 mil habitantes. Os dados da dengue s\u00e3o atualizados de segunda a sexta-feira e est\u00e3o dispon\u00edveis no Painel Monitora da SES-RJ, no link&nbsp;<a href=\"http:\/\/monitorar.saude.rj.gov.br\/\">monitorar.saude.rj.gov.br<\/a>.<\/p>\n","protected":false},"excerpt":{"rendered":"<p>A nova edi\u00e7\u00e3o do boletim Panorama da Dengue, divulgado recentemente pela Secretaria de Estado de Sa\u00fade (SES-RJ), mostra que o&hellip;<\/p>\n","protected":false},"author":5,"featured_media":5112,"comment_status":"open","ping_status":"open","sticky":false,"template":"","format":"standard","meta":{"fifu_image_url":"","fifu_image_alt":"","footnotes":""},"categories":[7],"tags":[],"class_list":["post-5111","post","type-post","status-publish","format-standard","has-post-thumbnail","hentry","category-saude"],"_links":{"self":[{"href":"https:\/\/sgvaimudar.com.br\/index.php\/wp-json\/wp\/v2\/posts\/5111","targetHints":{"allow":["GET"]}}],"collection":[{"href":"https:\/\/sgvaimudar.com.br\/index.php\/wp-json\/wp\/v2\/posts"}],"about":[{"href":"https:\/\/sgvaimudar.com.br\/index.php\/wp-json\/wp\/v2\/types\/post"}],"author":[{"embeddable":true,"href":"https:\/\/sgvaimudar.com.br\/index.php\/wp-json\/wp\/v2\/users\/5"}],"replies":[{"embeddable":true,"href":"https:\/\/sgvaimudar.com.br\/index.php\/wp-json\/wp\/v2\/comments?post=5111"}],"version-history":[{"count":1,"href":"https:\/\/sgvaimudar.com.br\/index.php\/wp-json\/wp\/v2\/posts\/5111\/revisions"}],"predecessor-version":[{"id":5113,"href":"https:\/\/sgvaimudar.com.br\/index.php\/wp-json\/wp\/v2\/posts\/5111\/revisions\/5113"}],"wp:featuredmedia":[{"embeddable":true,"href":"https:\/\/sgvaimudar.com.br\/index.php\/wp-json\/wp\/v2\/media\/5112"}],"wp:attachment":[{"href":"https:\/\/sgvaimudar.com.br\/index.php\/wp-json\/wp\/v2\/media?parent=5111"}],"wp:term":[{"taxonomy":"category","embeddable":true,"href":"https:\/\/sgvaimudar.com.br\/index.php\/wp-json\/wp\/v2\/categories?post=5111"},{"taxonomy":"post_tag","embeddable":true,"href":"https:\/\/sgvaimudar.com.br\/index.php\/wp-json\/wp\/v2\/tags?post=5111"}],"curies":[{"name":"wp","href":"https:\/\/api.w.org\/{rel}","templated":true}]}}