{"id":5087,"date":"2024-04-17T11:39:46","date_gmt":"2024-04-17T14:39:46","guid":{"rendered":"https:\/\/sgvaimudar.com.br\/?p=5087"},"modified":"2024-04-18T09:09:18","modified_gmt":"2024-04-18T12:09:18","slug":"reuniao-hoje-em-brasilia-define-gestao-de-hospitais-federais-no-rj","status":"publish","type":"post","link":"https:\/\/sgvaimudar.com.br\/index.php\/2024\/04\/17\/reuniao-hoje-em-brasilia-define-gestao-de-hospitais-federais-no-rj\/","title":{"rendered":"Reuni\u00e3o em Bras\u00edlia define gest\u00e3o de hospitais federais no RJ"},"content":{"rendered":"\n<p>O Minist\u00e9rio da Sa\u00fade se re\u00fane hoje em Bras\u00edlia para continuar os trabalhos do Comit\u00ea Gestor que administrar\u00e1 seis hospitais federais no Rio de Janeiro. Segundo a pasta, o \u00f3rg\u00e3o vai atuar por pelo menos 30 dias junto \u00e0s dire\u00e7\u00f5es de cada hospital, para recuperar e reestruturar as unidades depois de \u201canos de precariza\u00e7\u00e3o\u201d quando tinha \u00e0 frente o diretor do Departamento de Gest\u00e3o Hospitalar (DGH), Alexandre Telles, indicado pelo deputado Federal Dimas Gadelha (PT-RJ).<\/p>\n\n\n\n<p>O Comit\u00ea Gestor vai ser dirigido pela Secretaria de Aten\u00e7\u00e3o Especializada \u00e0 Sa\u00fade (Saes), com representantes do Departamento de Gest\u00e3o Hospitalar (DGH), assessorias, coordena\u00e7\u00f5es e secretarias do Minist\u00e9rio da Sa\u00fade. Um dos objetivos declarados \u00e9 melhorar a governan\u00e7a e o di\u00e1logo entre servidores, sindicatos e gestores.<\/p>\n\n\n\n<p>Todos os processos de aquisi\u00e7\u00e3o de medicamentos e insumos e de contrata\u00e7\u00e3o de obras foram centralizados no Minist\u00e9rio da Sa\u00fade. A medida foi tomada para aumentar o poder de negocia\u00e7\u00e3o da pasta e garantir maior efici\u00eancia e controle na distribui\u00e7\u00e3o dos insumos, o que significa evitar falhas no abastecimento e desperd\u00edcios.<\/p>\n\n\n\n<p>Segundo o minist\u00e9rio, outras iniciativas est\u00e3o em curso para melhoria do sistema, que ocorrem desde o in\u00edcio de 2023. Entre as melhorias, o minist\u00e9rio citada a reabertura de mais de 300 leitos; inaugura\u00e7\u00e3o do Hospital Dia, no Hospital Federal do Andara\u00ed (HFA), na zona norte da cidade; novo setor de oncologia, sala de radiografia digital, tom\u00f3grafo e cinco aparelhos de raio-x port\u00e1teis no Hospital do Andara\u00ed; e contrata\u00e7\u00e3o de 294 profissionais, entre m\u00e9dicos, farmac\u00eauticos, fisioterapeutas e assistentes sociais. A pasta lembra ainda que um edital para 500 vagas tempor\u00e1rias nos hospitais federais est\u00e1 aberto.<\/p>\n\n\n\n<p>Cristiane Gerardo, dirigente do Sindicato dos Trabalhadores em Sa\u00fade, Trabalho, Previd\u00eancia e Assist\u00eancia Social (Sindsprev\/RJ), reclamou que a situa\u00e7\u00e3o nos hospitais \u00e9 dram\u00e1tica, \u201cdepois de anos de desmonte e sucateamento\u201d. Ela cita como exemplo a situa\u00e7\u00e3o do Hospital Cardoso Fontes, na Zona Oeste, que at\u00e9 ent\u00e3o n\u00e3o teve a obra do telhado finalizada.<\/p>\n\n\n\n<p>\u201cQuando voc\u00ea tem uma chuva forte, inunda o hospital e paralisa todo o sistema de maquin\u00e1rio, os elevadores, inunda o almoxarifado, estraga o estoque de produtos. E depois os servidores s\u00e3o acusados de n\u00e3o terem responsabilidade sobre essas obras estruturais, de serem suspeitos e incompetentes\u201d, disse Cristiane.<\/p>\n\n\n\n<p>A dirigente sindical concorda com a centraliza\u00e7\u00e3o das compras dos hospitais, mas \u00e9 contra a centraliza\u00e7\u00e3o da gest\u00e3o administrativa. \u201cUma coisa \u00e9 a grade de compra comum, que deve ser constru\u00edda. Assim como articular os estoques das unidades, para evitar desperd\u00edcios e compras desnecess\u00e1rias. Outra coisa \u00e9 voc\u00ea acabar com a gest\u00e3o dos hospitais. \u00c9 transformar diretores em meros zeladores. N\u00e3o tem evid\u00eancia que justifique isso\u201d, disse a sindicalista.<\/p>\n\n\n\n<p>ENTENDA &#8211; A corrup\u00e7\u00e3o nas unidades de sa\u00fade federais do Rio apareceu na m\u00eddia, com a exonera\u00e7\u00e3o do diretor do Departamento de Gest\u00e3o Hospitalar (DGH), Alexandre Telles, indicado pelo deputado Federal Dimas Gadelha (PT-RJ), ap\u00f3s uma investiga\u00e7\u00e3o do Fant\u00e1stico (Rede Globo).<\/p>\n\n\n\n<p>Desde maio de 2023, den\u00fancias sobre corrup\u00e7\u00e3o nos Hospitais Federais t\u00eam sido veiculadas pelo RJTV e RJ2 da TV Globo, apontando para a nomea\u00e7\u00e3o de pessoas ligadas ao deputado Dimas Gadelha (PT) em cargos-chave, muitos deles de S\u00e3o Gon\u00e7alo, al\u00e9m da nomea\u00e7\u00e3o do advogado particular de Dimas, Gildo Souza.<\/p>\n\n\n\n<p>Al\u00e9m do favorecimento pol\u00edtico, testemunhas relatam a instala\u00e7\u00e3o de uma porta ac\u00fastica no gabinete do diretor Abel Martinez para representantes comerciais e fornecedores, exigindo pagamentos e cria\u00e7\u00e3o de vagas dentro das empresas contratadas.<\/p>\n\n\n\n<p>Tamb\u00e9m h\u00e1 influ\u00eancia pol\u00edtica nos hospitais de Bom Sucesso e Andara\u00ed, onde o m\u00e9dico Jefferson Antunes Gomes, ligado a Dimas desde sua gest\u00e3o na Secretaria de Sa\u00fade de S\u00e3o Gon\u00e7alo, ocupa um cargo importante.<\/p>\n\n\n\n<p>Documentos revelam que cinco pacientes morreram por falta de atendimento adequado no Hospital Federal de Bonsucesso, enquanto o Hospital do Andara\u00ed enfrenta problemas como cirurgias suspensas, leitos fechados e o sumi\u00e7o de equipamentos m\u00e9dicos valiosos, incluindo um tom\u00f3grafo de R$ 1 milh\u00e3o e um raio-x de R$ 3 milh\u00f5es.<\/p>\n","protected":false},"excerpt":{"rendered":"<p>O Minist\u00e9rio da Sa\u00fade se re\u00fane hoje em Bras\u00edlia para continuar os trabalhos do Comit\u00ea Gestor que administrar\u00e1 seis hospitais&hellip;<\/p>\n","protected":false},"author":5,"featured_media":5088,"comment_status":"open","ping_status":"open","sticky":false,"template":"","format":"standard","meta":{"fifu_image_url":"","fifu_image_alt":"","footnotes":""},"categories":[7],"tags":[],"class_list":["post-5087","post","type-post","status-publish","format-standard","has-post-thumbnail","hentry","category-saude"],"_links":{"self":[{"href":"https:\/\/sgvaimudar.com.br\/index.php\/wp-json\/wp\/v2\/posts\/5087","targetHints":{"allow":["GET"]}}],"collection":[{"href":"https:\/\/sgvaimudar.com.br\/index.php\/wp-json\/wp\/v2\/posts"}],"about":[{"href":"https:\/\/sgvaimudar.com.br\/index.php\/wp-json\/wp\/v2\/types\/post"}],"author":[{"embeddable":true,"href":"https:\/\/sgvaimudar.com.br\/index.php\/wp-json\/wp\/v2\/users\/5"}],"replies":[{"embeddable":true,"href":"https:\/\/sgvaimudar.com.br\/index.php\/wp-json\/wp\/v2\/comments?post=5087"}],"version-history":[{"count":2,"href":"https:\/\/sgvaimudar.com.br\/index.php\/wp-json\/wp\/v2\/posts\/5087\/revisions"}],"predecessor-version":[{"id":5102,"href":"https:\/\/sgvaimudar.com.br\/index.php\/wp-json\/wp\/v2\/posts\/5087\/revisions\/5102"}],"wp:featuredmedia":[{"embeddable":true,"href":"https:\/\/sgvaimudar.com.br\/index.php\/wp-json\/wp\/v2\/media\/5088"}],"wp:attachment":[{"href":"https:\/\/sgvaimudar.com.br\/index.php\/wp-json\/wp\/v2\/media?parent=5087"}],"wp:term":[{"taxonomy":"category","embeddable":true,"href":"https:\/\/sgvaimudar.com.br\/index.php\/wp-json\/wp\/v2\/categories?post=5087"},{"taxonomy":"post_tag","embeddable":true,"href":"https:\/\/sgvaimudar.com.br\/index.php\/wp-json\/wp\/v2\/tags?post=5087"}],"curies":[{"name":"wp","href":"https:\/\/api.w.org\/{rel}","templated":true}]}}