{"id":5078,"date":"2024-04-17T09:37:59","date_gmt":"2024-04-17T12:37:59","guid":{"rendered":"https:\/\/sgvaimudar.com.br\/?p=5078"},"modified":"2024-04-17T09:38:00","modified_gmt":"2024-04-17T12:38:00","slug":"obras-do-muvi-prefeitura-realiza-interdicoes-no-transito-do-vila-lage","status":"publish","type":"post","link":"https:\/\/sgvaimudar.com.br\/index.php\/2024\/04\/17\/obras-do-muvi-prefeitura-realiza-interdicoes-no-transito-do-vila-lage\/","title":{"rendered":"Obras do Muvi: \u00a0Prefeitura realiza interdi\u00e7\u00f5es no tr\u00e2nsito do Vila Lage \u00a0"},"content":{"rendered":"\n<p>A Secretaria de Transportes da Prefeitura de S\u00e3o Gon\u00e7alo realiza, nesta quarta-feira (17\/04), novas altera\u00e7\u00f5es no tr\u00e2nsito do Vila Lage para auxiliar no andamento das obras do trecho 1 do projeto Mobilidade Urbana Verde Integrada (Muvi). Os bloqueios j\u00e1 tiveram in\u00edcio e guardas municipais est\u00e3o no local para organizar o tr\u00e2nsito.<\/p>\n\n\n\n<p>Os bloqueios foram feitos na Rua Doutor Alberto Torres e na Rua L\u00facio Tom\u00e9 Feteira. Quem vem pela Rua Doutor Alberto Torres e quiser acessar a Rua L\u00facio Tom\u00e9 Feteira, utiliza o novo retorno criado pr\u00f3ximo ao antigo DCO (atual setor de sinaliza\u00e7\u00e3o) e seguir at\u00e9 a Avenida Canal. Depois, o motorista vira \u00e0 esquerda para acessar a Rua L\u00facio Tom\u00e9 Feteira.<\/p>\n\n\n\n<p>Quem vem pela Rua L\u00facio Tom\u00e9 Feteira e quiser ir sentido Centro dever\u00e1 acessar a Avenida Canal pela Rua L\u00facio Tom\u00e9 Feteira, virando \u00e0 direita na Rua Alberto Torres. Quem quiser seguir para Neves vindo da Rua L\u00facio Tom\u00e9 Feteira tamb\u00e9m acessar\u00e1 a Avenida Canal, em seguida virar\u00e1 \u00e0 direita na Rua Doutor Alberto Torres e pegar\u00e1 o retorno em frente ao Assa\u00ed.<\/p>\n\n\n\n<p>As interven\u00e7\u00f5es do Muvi est\u00e3o sendo realizadas pelo Governo do Estado do Rio, atrav\u00e9s da Secretaria das Cidades. A Secretaria de Gest\u00e3o Integrada e Projetos Especiais da Prefeitura de S\u00e3o Gon\u00e7alo foi a respons\u00e1vel pela aprova\u00e7\u00e3o do projeto e capta\u00e7\u00e3o dos recursos junto ao Estado e est\u00e1 acompanhando todo o andamento das obras. O projeto vai garantir a cria\u00e7\u00e3o de novo corredor vi\u00e1rio, com pistas de BRS e ciclovia, ligando o bairro de Neves a Guaxindiba, cortando um trecho de 18 quil\u00f4metros do munic\u00edpio, 13 bairros e 32 esta\u00e7\u00f5es. O projeto tamb\u00e9m receber\u00e1 uma s\u00e9rie de interven\u00e7\u00f5es urban\u00edsticas.<\/p>\n","protected":false},"excerpt":{"rendered":"<p>A Secretaria de Transportes da Prefeitura de S\u00e3o Gon\u00e7alo realiza, nesta quarta-feira (17\/04), novas altera\u00e7\u00f5es no tr\u00e2nsito do Vila Lage&hellip;<\/p>\n","protected":false},"author":5,"featured_media":5079,"comment_status":"open","ping_status":"open","sticky":false,"template":"","format":"standard","meta":{"fifu_image_url":"","fifu_image_alt":"","footnotes":""},"categories":[3],"tags":[],"class_list":["post-5078","post","type-post","status-publish","format-standard","has-post-thumbnail","hentry","category-sao-goncalo"],"_links":{"self":[{"href":"https:\/\/sgvaimudar.com.br\/index.php\/wp-json\/wp\/v2\/posts\/5078","targetHints":{"allow":["GET"]}}],"collection":[{"href":"https:\/\/sgvaimudar.com.br\/index.php\/wp-json\/wp\/v2\/posts"}],"about":[{"href":"https:\/\/sgvaimudar.com.br\/index.php\/wp-json\/wp\/v2\/types\/post"}],"author":[{"embeddable":true,"href":"https:\/\/sgvaimudar.com.br\/index.php\/wp-json\/wp\/v2\/users\/5"}],"replies":[{"embeddable":true,"href":"https:\/\/sgvaimudar.com.br\/index.php\/wp-json\/wp\/v2\/comments?post=5078"}],"version-history":[{"count":1,"href":"https:\/\/sgvaimudar.com.br\/index.php\/wp-json\/wp\/v2\/posts\/5078\/revisions"}],"predecessor-version":[{"id":5080,"href":"https:\/\/sgvaimudar.com.br\/index.php\/wp-json\/wp\/v2\/posts\/5078\/revisions\/5080"}],"wp:featuredmedia":[{"embeddable":true,"href":"https:\/\/sgvaimudar.com.br\/index.php\/wp-json\/wp\/v2\/media\/5079"}],"wp:attachment":[{"href":"https:\/\/sgvaimudar.com.br\/index.php\/wp-json\/wp\/v2\/media?parent=5078"}],"wp:term":[{"taxonomy":"category","embeddable":true,"href":"https:\/\/sgvaimudar.com.br\/index.php\/wp-json\/wp\/v2\/categories?post=5078"},{"taxonomy":"post_tag","embeddable":true,"href":"https:\/\/sgvaimudar.com.br\/index.php\/wp-json\/wp\/v2\/tags?post=5078"}],"curies":[{"name":"wp","href":"https:\/\/api.w.org\/{rel}","templated":true}]}}