{"id":5063,"date":"2024-04-16T09:50:43","date_gmt":"2024-04-16T12:50:43","guid":{"rendered":"https:\/\/sgvaimudar.com.br\/?p=5063"},"modified":"2024-04-16T09:50:43","modified_gmt":"2024-04-16T12:50:43","slug":"nova-praca-e-obras-de-drenagem-no-colubande-geram-interdicoes","status":"publish","type":"post","link":"https:\/\/sgvaimudar.com.br\/index.php\/2024\/04\/16\/nova-praca-e-obras-de-drenagem-no-colubande-geram-interdicoes\/","title":{"rendered":"Nova Pra\u00e7a e obras de drenagem no Coluband\u00ea geram interdi\u00e7\u00f5es"},"content":{"rendered":"\n<p>As interdi\u00e7\u00f5es para obras de drenagem no entorno da Pra\u00e7a do Coluband\u00ea come\u00e7aram no in\u00edcio desta semana, com direito a reordenamento do tr\u00e2nsito para maior fluidez do tr\u00e1fego de ve\u00edculos.<\/p>\n\n\n\n<p>As interven\u00e7\u00f5es s\u00e3o realizadas pela Secretaria de Transportes da Prefeitura de S\u00e3o Gon\u00e7alo, que executa projeto de requalifica\u00e7\u00e3o vi\u00e1ria e constru\u00e7\u00e3o de nova pra\u00e7a no local. O objetivo, al\u00e9m da entrega de uma nova \u00e1rea de lazer, \u00e9 melhorar o fluxo de ve\u00edculos no bairro.<\/p>\n\n\n\n<p>O acesso ao Ceasa pela Rua Capit\u00e3o Juvenal Figueiredo foi alterado, sendo interditado at\u00e9 \u00e1s 22h. Para acessar a central de abastecimento, os motoristas tiveram que seguir pela rua lateral, entre a Pra\u00e7a do Coluband\u00ea e o Banco Ita\u00fa. A via operou em duplo sentido de circula\u00e7\u00e3o.<\/p>\n\n\n\n<p>Para a coloca\u00e7\u00e3o de manilhas usadas na drenagem, o tr\u00e2nsito na Rua Capit\u00e3o Juvenal Figueiredo ser\u00e1 interditado da Rua Salvatori at\u00e9 a Pra\u00e7a do Coluband\u00ea, das 22h desta segunda-feira (15), at\u00e9 \u00e0s 6h de ter\u00e7a, devido \u00e0 complexidade das interven\u00e7\u00f5es. Com essa altera\u00e7\u00e3o, os motoristas que passarem pela Rua Salvatori ser\u00e3o obrigados a acessar a RJ-104 pela direita.<\/p>\n\n\n\n<p>N\u00e3o houve altera\u00e7\u00f5es no acesso \u00e0 Avenida Jos\u00e9 Mendon\u00e7a de Campos. Equipes da Secretaria de Transportes e a Guarda Municipal realizaram ordenamento e orienta\u00e7\u00e3o do tr\u00e1fego em todos os cruzamentos e vias com sinaliza\u00e7\u00f5es de interdi\u00e7\u00e3o e desvio.<\/p>\n\n\n\n<p>\u201cColocamos nossas equipes para orientar o tr\u00e1fego e minimizar os transtornos aos motoristas que passam pela regi\u00e3o. \u00c9 uma interven\u00e7\u00e3o grande. Ent\u00e3o, todas as mudan\u00e7as que fazemos neste per\u00edodo de obras s\u00e3o projetadas com objetivo de amenizar os impactos no tr\u00e1fego\u201d, disse o secret\u00e1rio de Transportes , F\u00e1bio Lemos.<\/p>\n\n\n\n<p><strong>Nova pra\u00e7a do Coluband\u00ea<\/strong><\/p>\n\n\n\n<p>As interven\u00e7\u00f5es na pra\u00e7a tiveram in\u00edcio no final do m\u00eas de fevereiro e possuem um prazo de conclus\u00e3o de 180 dias. O projeto da obra surgiu a partir do Plano Estrat\u00e9gico Novos Rumos e foi elaborado pelas secretarias de Transportes e de Gest\u00e3o Integrada e Projetos Especiais.<\/p>\n\n\n\n<p>A nova pra\u00e7a, que segue os moldes do projeto Pra\u00e7a Renovada, ter\u00e1 um playground, academia para o idoso, paraciclos, o primeiro ParC\u00e3o (focado nos pets) do munic\u00edpio, \u00e1rea para foodtruck, arquibancada, mobili\u00e1rios e outros. O projeto tamb\u00e9m garante a requalifica\u00e7\u00e3o vi\u00e1ria de toda a regi\u00e3o.<\/p>\n","protected":false},"excerpt":{"rendered":"<p>As interdi\u00e7\u00f5es para obras de drenagem no entorno da Pra\u00e7a do Coluband\u00ea come\u00e7aram no in\u00edcio desta semana, com direito a&hellip;<\/p>\n","protected":false},"author":5,"featured_media":5064,"comment_status":"open","ping_status":"open","sticky":false,"template":"","format":"standard","meta":{"fifu_image_url":"","fifu_image_alt":"","footnotes":""},"categories":[3],"tags":[],"class_list":["post-5063","post","type-post","status-publish","format-standard","has-post-thumbnail","hentry","category-sao-goncalo"],"_links":{"self":[{"href":"https:\/\/sgvaimudar.com.br\/index.php\/wp-json\/wp\/v2\/posts\/5063","targetHints":{"allow":["GET"]}}],"collection":[{"href":"https:\/\/sgvaimudar.com.br\/index.php\/wp-json\/wp\/v2\/posts"}],"about":[{"href":"https:\/\/sgvaimudar.com.br\/index.php\/wp-json\/wp\/v2\/types\/post"}],"author":[{"embeddable":true,"href":"https:\/\/sgvaimudar.com.br\/index.php\/wp-json\/wp\/v2\/users\/5"}],"replies":[{"embeddable":true,"href":"https:\/\/sgvaimudar.com.br\/index.php\/wp-json\/wp\/v2\/comments?post=5063"}],"version-history":[{"count":1,"href":"https:\/\/sgvaimudar.com.br\/index.php\/wp-json\/wp\/v2\/posts\/5063\/revisions"}],"predecessor-version":[{"id":5065,"href":"https:\/\/sgvaimudar.com.br\/index.php\/wp-json\/wp\/v2\/posts\/5063\/revisions\/5065"}],"wp:featuredmedia":[{"embeddable":true,"href":"https:\/\/sgvaimudar.com.br\/index.php\/wp-json\/wp\/v2\/media\/5064"}],"wp:attachment":[{"href":"https:\/\/sgvaimudar.com.br\/index.php\/wp-json\/wp\/v2\/media?parent=5063"}],"wp:term":[{"taxonomy":"category","embeddable":true,"href":"https:\/\/sgvaimudar.com.br\/index.php\/wp-json\/wp\/v2\/categories?post=5063"},{"taxonomy":"post_tag","embeddable":true,"href":"https:\/\/sgvaimudar.com.br\/index.php\/wp-json\/wp\/v2\/tags?post=5063"}],"curies":[{"name":"wp","href":"https:\/\/api.w.org\/{rel}","templated":true}]}}