{"id":4920,"date":"2024-04-10T19:08:19","date_gmt":"2024-04-10T22:08:19","guid":{"rendered":"https:\/\/sgvaimudar.com.br\/?p=4920"},"modified":"2024-04-10T19:09:37","modified_gmt":"2024-04-10T22:09:37","slug":"sao-goncalo-vai-mudar-contrata-wellington-serrano-para-politica","status":"publish","type":"post","link":"https:\/\/sgvaimudar.com.br\/index.php\/2024\/04\/10\/sao-goncalo-vai-mudar-contrata-wellington-serrano-para-politica\/","title":{"rendered":"S\u00e3o Gon\u00e7alo Vai Mudar contrata Wellington Serrano para pol\u00edtica"},"content":{"rendered":"\n<p class=\"has-medium-font-size\"><strong>Site acertou com o jornalista para novo programa de pol\u00edtica!<br>O jornalista Wellington Serrano Gomes, de 52 anos, \u00e9 a nova contrata\u00e7\u00e3o do site S\u00e3o Gon\u00e7alo Vai Mudar. O rep\u00f3rter pol\u00edtico que comanda entrevistas vai mostrar todos os acontecimentos da elei\u00e7\u00e3o 2024 no site e pelas redes sociais do grupo ao lado de outros nomes de compet\u00eancia da casa.<\/strong><br><br><mark style=\"background-color:rgba(0, 0, 0, 0)\" class=\"has-inline-color has-black-color\">\u201cEstou extremamente feliz em fazer parte desse projeto que vai ao encontro do que quero. Agrade\u00e7o aos novos amigos por serem receptivos e que me acolhem com grande afeto e acreditam no meu trabalho. S\u00f3 tenho a agradecer muito ao S\u00e3o Gon\u00e7alo Vai Mudar e aos meus leitores. Vamos ao trabalho\u201d, comemorou Serrano.<\/mark><br><br><mark style=\"background-color:rgba(0, 0, 0, 0)\" class=\"has-inline-color has-vivid-cyan-blue-color\"><strong>Sobre Wellington Serrano<\/strong><\/mark><br><sup>Rep\u00f3rter remoto do Site S\u00e3o Gon\u00e7alo Vai Mudar respons\u00e1vel pela presta\u00e7\u00e3o de servi\u00e7os nas cidades de S\u00e3o Gon\u00e7alo, Niter\u00f3i e Rio de Janeiro. Jornalista com mais de 20 anos de experi\u00eancia em reda\u00e7\u00e3o de jornais e assessoria de imprensa, atuou em A Tribuna, na produ\u00e7\u00e3o de mat\u00e9rias para o impresso, redes sociais e site. Na coordena\u00e7\u00e3o da produ\u00e7\u00e3o foi respons\u00e1vel pela Coluna Painel e as p\u00e1ginas tr\u00eas (Pol\u00edtica) e cinco (Cidades).<br>Nos jornais O Dia (respons\u00e1vel pelos sites de Niter\u00f3i e S\u00e3o Gon\u00e7alo), A Not\u00edcia, O Fluminense, O Di\u00e1rio Costa do Sol, O Di\u00e1rio do Noroeste, O S\u00e3o Gon\u00e7alo e A Tribuna do Noroeste, trabalhou como editor, rep\u00f3rter e fot\u00f3grafo, principalmente nas \u00e1reas da pol\u00edtica, geral, cidades e esportes. Foi respons\u00e1vel pela implanta\u00e7\u00e3o de um jornal (mensal) na Unig e na Secret\u00e1ria de Assist\u00eancia Social do Estado do Rio de Janeiro.<br>Com vasta experi\u00eancia no setor p\u00fablico, Serrano trabalhou e implantou v\u00e1rios departamentos de Comunica\u00e7\u00e3o em prefeituras, al\u00e9m de assessorias nas Secret\u00e1rias: de Sa\u00fade, Esportes, Educa\u00e7\u00e3o e Assist\u00eancia Social.<br>Em ag\u00eancias, trabalhou na SMG Brasil, na Barra da Tijuca, com assessoria esportiva e na Caco Comunica\u00e7\u00e3o (ES), com campanha pol\u00edtica.<\/sup><\/p>\n","protected":false},"excerpt":{"rendered":"<p>Site acertou com o jornalista para novo programa de pol\u00edtica!O jornalista Wellington Serrano Gomes, de 52 anos, \u00e9 a nova&hellip;<\/p>\n","protected":false},"author":3,"featured_media":4921,"comment_status":"open","ping_status":"open","sticky":false,"template":"","format":"standard","meta":{"fifu_image_url":"","fifu_image_alt":"","footnotes":""},"categories":[1],"tags":[],"class_list":["post-4920","post","type-post","status-publish","format-standard","has-post-thumbnail","hentry","category-mundo"],"_links":{"self":[{"href":"https:\/\/sgvaimudar.com.br\/index.php\/wp-json\/wp\/v2\/posts\/4920","targetHints":{"allow":["GET"]}}],"collection":[{"href":"https:\/\/sgvaimudar.com.br\/index.php\/wp-json\/wp\/v2\/posts"}],"about":[{"href":"https:\/\/sgvaimudar.com.br\/index.php\/wp-json\/wp\/v2\/types\/post"}],"author":[{"embeddable":true,"href":"https:\/\/sgvaimudar.com.br\/index.php\/wp-json\/wp\/v2\/users\/3"}],"replies":[{"embeddable":true,"href":"https:\/\/sgvaimudar.com.br\/index.php\/wp-json\/wp\/v2\/comments?post=4920"}],"version-history":[{"count":2,"href":"https:\/\/sgvaimudar.com.br\/index.php\/wp-json\/wp\/v2\/posts\/4920\/revisions"}],"predecessor-version":[{"id":4923,"href":"https:\/\/sgvaimudar.com.br\/index.php\/wp-json\/wp\/v2\/posts\/4920\/revisions\/4923"}],"wp:featuredmedia":[{"embeddable":true,"href":"https:\/\/sgvaimudar.com.br\/index.php\/wp-json\/wp\/v2\/media\/4921"}],"wp:attachment":[{"href":"https:\/\/sgvaimudar.com.br\/index.php\/wp-json\/wp\/v2\/media?parent=4920"}],"wp:term":[{"taxonomy":"category","embeddable":true,"href":"https:\/\/sgvaimudar.com.br\/index.php\/wp-json\/wp\/v2\/categories?post=4920"},{"taxonomy":"post_tag","embeddable":true,"href":"https:\/\/sgvaimudar.com.br\/index.php\/wp-json\/wp\/v2\/tags?post=4920"}],"curies":[{"name":"wp","href":"https:\/\/api.w.org\/{rel}","templated":true}]}}