{"id":4912,"date":"2024-04-10T17:55:02","date_gmt":"2024-04-10T20:55:02","guid":{"rendered":"https:\/\/sgvaimudar.com.br\/?p=4912"},"modified":"2024-04-10T17:55:02","modified_gmt":"2024-04-10T20:55:02","slug":"pm-prende-dois-e-apreende-fuzil-em-sao-goncalo","status":"publish","type":"post","link":"https:\/\/sgvaimudar.com.br\/index.php\/2024\/04\/10\/pm-prende-dois-e-apreende-fuzil-em-sao-goncalo\/","title":{"rendered":"PM prende dois e apreende fuzil em S\u00e3o Gon\u00e7alo"},"content":{"rendered":"\n<p>Policiais do Grupamento de A\u00e7\u00f5es T\u00e1ticas (GAT) do 7\u00baBPM (S\u00e3o Gon\u00e7alo) prenderam dois criminosos e apreenderam um fuzil, no fim da manh\u00e3 desta quarta-feira (10), na comunidade da Hortinha, no bairro Tenente Jardim, em S\u00e3o Gon\u00e7alo.<\/p>\n\n\n\n<p>De acordo com a PM, a opera\u00e7\u00e3o foi montada com base em den\u00fancias. Logo na chegada dos policiais na regi\u00e3o, houve correria entre os suspeitos. Sem disparar nenhum tiro, as militares conseguiram cercar as \u00e1reas de fuga e capturar os dois homens.<\/p>\n\n\n\n<p>Os suspeitos, de 33 e 26 anos, estavam com o fuzil calibre 762 e numera\u00e7\u00e3o raspada, uma r\u00e1dio de comunica\u00e7\u00e3o, uma granada e carregadores.<\/p>\n\n\n\n<p>Os homens e todo material seguiram para a 73\u00aaDP (Neves), onde, posteriormente, o caso foi registrado.<\/p>\n\n\n\n<p>Fonte: O S\u00e3o Gon\u00e7alo<\/p>\n\n\n\n<h1 class=\"wp-block-heading\">\ud835\ude68\ud835\ude5c\ud835\ude6b\ud835\ude56\ud835\ude5e\ud835\ude62\ud835\ude6a\ud835\ude59\ud835\ude56\ud835\ude67<\/h1>\n\n\n\n<p>\ud835\udc76 \ud835\udc8e\ud835\udc82\ud835\udc8a\ud835\udc90\ud835\udc93 \ud835\udc77\ud835\udc90\ud835\udc93\ud835\udc95\ud835\udc82\ud835\udc8d \ud835\udc85\ud835\udc86 \ud835\udc8f\ud835\udc90\ud835\udc95\ud835\udc8a\ud835\udc84\ud835\udc8a\ud835\udc82\ud835\udc94 \ud835\udc85\ud835\udc82 \ud835\udc84\ud835\udc8a\ud835\udc85\ud835\udc82\ud835\udc85\ud835\udc86.<\/p>\n","protected":false},"excerpt":{"rendered":"<p>Policiais do Grupamento de A\u00e7\u00f5es T\u00e1ticas (GAT) do 7\u00baBPM (S\u00e3o Gon\u00e7alo) prenderam dois criminosos e apreenderam um fuzil, no fim&hellip;<\/p>\n","protected":false},"author":2,"featured_media":4913,"comment_status":"open","ping_status":"open","sticky":false,"template":"","format":"standard","meta":{"fifu_image_url":"","fifu_image_alt":"","footnotes":""},"categories":[3],"tags":[],"class_list":["post-4912","post","type-post","status-publish","format-standard","has-post-thumbnail","hentry","category-sao-goncalo"],"_links":{"self":[{"href":"https:\/\/sgvaimudar.com.br\/index.php\/wp-json\/wp\/v2\/posts\/4912","targetHints":{"allow":["GET"]}}],"collection":[{"href":"https:\/\/sgvaimudar.com.br\/index.php\/wp-json\/wp\/v2\/posts"}],"about":[{"href":"https:\/\/sgvaimudar.com.br\/index.php\/wp-json\/wp\/v2\/types\/post"}],"author":[{"embeddable":true,"href":"https:\/\/sgvaimudar.com.br\/index.php\/wp-json\/wp\/v2\/users\/2"}],"replies":[{"embeddable":true,"href":"https:\/\/sgvaimudar.com.br\/index.php\/wp-json\/wp\/v2\/comments?post=4912"}],"version-history":[{"count":1,"href":"https:\/\/sgvaimudar.com.br\/index.php\/wp-json\/wp\/v2\/posts\/4912\/revisions"}],"predecessor-version":[{"id":4914,"href":"https:\/\/sgvaimudar.com.br\/index.php\/wp-json\/wp\/v2\/posts\/4912\/revisions\/4914"}],"wp:featuredmedia":[{"embeddable":true,"href":"https:\/\/sgvaimudar.com.br\/index.php\/wp-json\/wp\/v2\/media\/4913"}],"wp:attachment":[{"href":"https:\/\/sgvaimudar.com.br\/index.php\/wp-json\/wp\/v2\/media?parent=4912"}],"wp:term":[{"taxonomy":"category","embeddable":true,"href":"https:\/\/sgvaimudar.com.br\/index.php\/wp-json\/wp\/v2\/categories?post=4912"},{"taxonomy":"post_tag","embeddable":true,"href":"https:\/\/sgvaimudar.com.br\/index.php\/wp-json\/wp\/v2\/tags?post=4912"}],"curies":[{"name":"wp","href":"https:\/\/api.w.org\/{rel}","templated":true}]}}