{"id":4881,"date":"2024-04-08T16:58:12","date_gmt":"2024-04-08T19:58:12","guid":{"rendered":"https:\/\/sgvaimudar.com.br\/?p=4881"},"modified":"2024-04-08T16:58:12","modified_gmt":"2024-04-08T19:58:12","slug":"baleado-em-sequestro-de-onibus-volta-ao-cti-entenda","status":"publish","type":"post","link":"https:\/\/sgvaimudar.com.br\/index.php\/2024\/04\/08\/baleado-em-sequestro-de-onibus-volta-ao-cti-entenda\/","title":{"rendered":"Baleado em sequestro de \u00f4nibus volta ao CTI; entenda"},"content":{"rendered":"\n<p>O passageiro Bruno Lima da Costa, de 34 anos, ferido durante o sequestro de mar\u00e7o em um \u00f4nibus na Rodovi\u00e1ria Novo Rio, foi readmitido no Centro de Tratamento Intensivo nesta segunda-feira (8) ap\u00f3s um procedimento de drenagem devido ao ac\u00famulo de l\u00edquidos ao redor do cora\u00e7\u00e3o e dos pulm\u00f5es.<\/p>\n\n\n\n<p>O Hospital Samaritano Botafogo informou que Bruno passou pelo procedimento sob anestesia geral. Ele tamb\u00e9m iniciou o processo de desmame do respirador e seu estado de sa\u00fade est\u00e1 est\u00e1vel.<\/p>\n\n\n\n<p>Bruno foi atingido por tiros no peito e no abd\u00f4men no in\u00edcio do sequestro, que durou cerca de tr\u00eas horas. Os disparos atingiram \u00f3rg\u00e3os vitais como o cora\u00e7\u00e3o, pulm\u00f5es e ba\u00e7o. Ele passou por tr\u00eas cirurgias, incluindo uma para a remo\u00e7\u00e3o da bala do cora\u00e7\u00e3o.<\/p>\n\n\n\n<p>O sequestrador, identificado como Paulo S\u00e9rgio de Lima, de 29 anos, rendeu os passageiros alegando fugir da cidade devido a amea\u00e7as de uma fac\u00e7\u00e3o criminosa. Ele afirmou \u00e0 pol\u00edcia que, ao embarcar no \u00f4nibus, suspeitou que sua identidade tivesse sido descoberta e disparou ao confundir um dos passageiros com um policial.<\/p>\n\n\n\n<p>Fonte: Enfoco Site de Not\u00edcias<\/p>\n\n\n\n<h1 class=\"wp-block-heading\">\ud835\ude68\ud835\ude5c\ud835\ude6b\ud835\ude56\ud835\ude5e\ud835\ude62\ud835\ude6a\ud835\ude59\ud835\ude56\ud835\ude67<\/h1>\n\n\n\n<p>\ud835\udc76 \ud835\udc8e\ud835\udc82\ud835\udc8a\ud835\udc90\ud835\udc93 \ud835\udc77\ud835\udc90\ud835\udc93\ud835\udc95\ud835\udc82\ud835\udc8d \ud835\udc85\ud835\udc86 \ud835\udc8f\ud835\udc90\ud835\udc95\ud835\udc8a\ud835\udc84\ud835\udc8a\ud835\udc82\ud835\udc94 \ud835\udc85\ud835\udc82 \ud835\udc84\ud835\udc8a\ud835\udc85\ud835\udc82\ud835\udc85\ud835\udc86.<\/p>\n","protected":false},"excerpt":{"rendered":"<p>O passageiro Bruno Lima da Costa, de 34 anos, ferido durante o sequestro de mar\u00e7o em um \u00f4nibus na Rodovi\u00e1ria&hellip;<\/p>\n","protected":false},"author":2,"featured_media":4882,"comment_status":"open","ping_status":"open","sticky":false,"template":"","format":"standard","meta":{"fifu_image_url":"","fifu_image_alt":"","footnotes":""},"categories":[32],"tags":[],"class_list":["post-4881","post","type-post","status-publish","format-standard","has-post-thumbnail","hentry","category-casos-de-policia"],"_links":{"self":[{"href":"https:\/\/sgvaimudar.com.br\/index.php\/wp-json\/wp\/v2\/posts\/4881","targetHints":{"allow":["GET"]}}],"collection":[{"href":"https:\/\/sgvaimudar.com.br\/index.php\/wp-json\/wp\/v2\/posts"}],"about":[{"href":"https:\/\/sgvaimudar.com.br\/index.php\/wp-json\/wp\/v2\/types\/post"}],"author":[{"embeddable":true,"href":"https:\/\/sgvaimudar.com.br\/index.php\/wp-json\/wp\/v2\/users\/2"}],"replies":[{"embeddable":true,"href":"https:\/\/sgvaimudar.com.br\/index.php\/wp-json\/wp\/v2\/comments?post=4881"}],"version-history":[{"count":1,"href":"https:\/\/sgvaimudar.com.br\/index.php\/wp-json\/wp\/v2\/posts\/4881\/revisions"}],"predecessor-version":[{"id":4883,"href":"https:\/\/sgvaimudar.com.br\/index.php\/wp-json\/wp\/v2\/posts\/4881\/revisions\/4883"}],"wp:featuredmedia":[{"embeddable":true,"href":"https:\/\/sgvaimudar.com.br\/index.php\/wp-json\/wp\/v2\/media\/4882"}],"wp:attachment":[{"href":"https:\/\/sgvaimudar.com.br\/index.php\/wp-json\/wp\/v2\/media?parent=4881"}],"wp:term":[{"taxonomy":"category","embeddable":true,"href":"https:\/\/sgvaimudar.com.br\/index.php\/wp-json\/wp\/v2\/categories?post=4881"},{"taxonomy":"post_tag","embeddable":true,"href":"https:\/\/sgvaimudar.com.br\/index.php\/wp-json\/wp\/v2\/tags?post=4881"}],"curies":[{"name":"wp","href":"https:\/\/api.w.org\/{rel}","templated":true}]}}