{"id":4864,"date":"2024-04-05T19:37:13","date_gmt":"2024-04-05T22:37:13","guid":{"rendered":"https:\/\/sgvaimudar.com.br\/?p=4864"},"modified":"2024-04-05T19:37:14","modified_gmt":"2024-04-05T22:37:14","slug":"acusado-de-matar-diarista-em-sao-goncalo-e-preso","status":"publish","type":"post","link":"https:\/\/sgvaimudar.com.br\/index.php\/2024\/04\/05\/acusado-de-matar-diarista-em-sao-goncalo-e-preso\/","title":{"rendered":"Acusado de matar diarista em S\u00e3o Gon\u00e7alo \u00e9 preso"},"content":{"rendered":"\n<p>A Pol\u00edcia Civil prendeu Raphael de Andrade Caldas acusado de matar a diarista Vera Maria de Sousa Gomes, de 64 anos, em S\u00e3o Gon\u00e7alo, na Regi\u00e3o Metropolitana do Rio.<\/p>\n\n\n\n<p>De acordo com as investiga\u00e7\u00f5es, a v\u00edtima desapareceu no dia 10 de mar\u00e7o, quando sa\u00eda de casa para trabalhar. O corpo dela foi encontrado em um terreno baldio, no dia 25, amorda\u00e7ada.<\/p>\n\n\n\n<p>Imagens de c\u00e2meras de seguran\u00e7a registraram Raphael seguindo Vera no fim da madrugada do dia 10 de mar\u00e7o. O acusado entra no terreno baldio e fica l\u00e1 por cerca de meia hora, at\u00e9 aparecer em outra rua. Nesse tempo, de acordo com as investiga\u00e7\u00f5es, Raphael matou Vera.<\/p>\n\n\n\n<p>Raphael \u00e9 usu\u00e1rio de drogas e tem diversas anota\u00e7\u00f5es criminais, inclusive por crimes praticados contra mulheres no mesmo bairro.<\/p>\n\n\n\n<p>Fonte: Super R\u00e1dio Tupi<\/p>\n\n\n\n<h1 class=\"wp-block-heading\">sgvaimudar<\/h1>\n","protected":false},"excerpt":{"rendered":"<p>A Pol\u00edcia Civil prendeu Raphael de Andrade Caldas acusado de matar a diarista Vera Maria de Sousa Gomes, de 64&hellip;<\/p>\n","protected":false},"author":2,"featured_media":4865,"comment_status":"open","ping_status":"open","sticky":false,"template":"","format":"standard","meta":{"fifu_image_url":"","fifu_image_alt":"","footnotes":""},"categories":[3],"tags":[],"class_list":["post-4864","post","type-post","status-publish","format-standard","has-post-thumbnail","hentry","category-sao-goncalo"],"_links":{"self":[{"href":"https:\/\/sgvaimudar.com.br\/index.php\/wp-json\/wp\/v2\/posts\/4864","targetHints":{"allow":["GET"]}}],"collection":[{"href":"https:\/\/sgvaimudar.com.br\/index.php\/wp-json\/wp\/v2\/posts"}],"about":[{"href":"https:\/\/sgvaimudar.com.br\/index.php\/wp-json\/wp\/v2\/types\/post"}],"author":[{"embeddable":true,"href":"https:\/\/sgvaimudar.com.br\/index.php\/wp-json\/wp\/v2\/users\/2"}],"replies":[{"embeddable":true,"href":"https:\/\/sgvaimudar.com.br\/index.php\/wp-json\/wp\/v2\/comments?post=4864"}],"version-history":[{"count":1,"href":"https:\/\/sgvaimudar.com.br\/index.php\/wp-json\/wp\/v2\/posts\/4864\/revisions"}],"predecessor-version":[{"id":4866,"href":"https:\/\/sgvaimudar.com.br\/index.php\/wp-json\/wp\/v2\/posts\/4864\/revisions\/4866"}],"wp:featuredmedia":[{"embeddable":true,"href":"https:\/\/sgvaimudar.com.br\/index.php\/wp-json\/wp\/v2\/media\/4865"}],"wp:attachment":[{"href":"https:\/\/sgvaimudar.com.br\/index.php\/wp-json\/wp\/v2\/media?parent=4864"}],"wp:term":[{"taxonomy":"category","embeddable":true,"href":"https:\/\/sgvaimudar.com.br\/index.php\/wp-json\/wp\/v2\/categories?post=4864"},{"taxonomy":"post_tag","embeddable":true,"href":"https:\/\/sgvaimudar.com.br\/index.php\/wp-json\/wp\/v2\/tags?post=4864"}],"curies":[{"name":"wp","href":"https:\/\/api.w.org\/{rel}","templated":true}]}}