{"id":4857,"date":"2024-04-04T16:38:01","date_gmt":"2024-04-04T19:38:01","guid":{"rendered":"https:\/\/sgvaimudar.com.br\/?p=4857"},"modified":"2024-04-04T16:38:02","modified_gmt":"2024-04-04T19:38:02","slug":"fugitivos-de-penitenciaria-federal-em-mossoro-sao-recapturados-no-para","status":"publish","type":"post","link":"https:\/\/sgvaimudar.com.br\/index.php\/2024\/04\/04\/fugitivos-de-penitenciaria-federal-em-mossoro-sao-recapturados-no-para\/","title":{"rendered":"Fugitivos de penitenci\u00e1ria federal em Mossor\u00f3 s\u00e3o recapturados no Par\u00e1"},"content":{"rendered":"\n<p>Os dois detentos, Rog\u00e9rio da Silva Mendon\u00e7a e Deibson Cabral Nascimento, que escaparam da Penitenci\u00e1ria Federal de Mossor\u00f3 em 14 de fevereiro de 2024, foram recapturados pela Pol\u00edcia Federal e Pol\u00edcia Rodovi\u00e1ria Federal em Marab\u00e1, Par\u00e1, no dia 3 de abril de 2024, ap\u00f3s 50 dias em fuga.<\/p>\n\n\n\n<p>Detalhes da Recaptura:<\/p>\n\n\n\n<p>A dupla foi localizada em uma \u00e1rea rural pr\u00f3ximo \u00e0 BR-222, em Marab\u00e1, ap\u00f3s um trabalho conjunto de intelig\u00eancia das pol\u00edcias.<br>A abordagem aconteceu durante a madrugada, quando os fugitivos estavam em um ve\u00edculo.<br>N\u00e3o houve resist\u00eancia por parte dos foragidos.<br>Eles foram levados para a Superintend\u00eancia Regional da PF em<\/p>\n\n\n\n<p>Marab\u00e1 e, posteriormente, ser\u00e3o<br>reencaminhados para a Penitenci\u00e1ria Federal de Mossor\u00f3.<\/p>\n\n\n\n<p>Reportagem:<br>Mauro J\u00fanior<\/p>\n\n\n\n<h1 class=\"wp-block-heading\">\ud835\ude68\ud835\ude5c\ud835\ude6b\ud835\ude56\ud835\ude5e\ud835\ude62\ud835\ude6a\ud835\ude59\ud835\ude56\ud835\ude67<\/h1>\n\n\n\n<p>\ud835\udc76 \ud835\udc8e\ud835\udc82\ud835\udc8a\ud835\udc90\ud835\udc93 \ud835\udc77\ud835\udc90\ud835\udc93\ud835\udc95\ud835\udc82\ud835\udc8d \ud835\udc85\ud835\udc86 \ud835\udc8f\ud835\udc90\ud835\udc95\ud835\udc8a\ud835\udc84\ud835\udc8a\ud835\udc82\ud835\udc94 \ud835\udc85\ud835\udc82 \ud835\udc84\ud835\udc8a\ud835\udc85\ud835\udc82\ud835\udc85\ud835\udc86.<\/p>\n","protected":false},"excerpt":{"rendered":"<p>Os dois detentos, Rog\u00e9rio da Silva Mendon\u00e7a e Deibson Cabral Nascimento, que escaparam da Penitenci\u00e1ria Federal de Mossor\u00f3 em 14&hellip;<\/p>\n","protected":false},"author":2,"featured_media":4858,"comment_status":"open","ping_status":"open","sticky":false,"template":"","format":"standard","meta":{"fifu_image_url":"","fifu_image_alt":"","footnotes":""},"categories":[32],"tags":[],"class_list":["post-4857","post","type-post","status-publish","format-standard","has-post-thumbnail","hentry","category-casos-de-policia"],"_links":{"self":[{"href":"https:\/\/sgvaimudar.com.br\/index.php\/wp-json\/wp\/v2\/posts\/4857","targetHints":{"allow":["GET"]}}],"collection":[{"href":"https:\/\/sgvaimudar.com.br\/index.php\/wp-json\/wp\/v2\/posts"}],"about":[{"href":"https:\/\/sgvaimudar.com.br\/index.php\/wp-json\/wp\/v2\/types\/post"}],"author":[{"embeddable":true,"href":"https:\/\/sgvaimudar.com.br\/index.php\/wp-json\/wp\/v2\/users\/2"}],"replies":[{"embeddable":true,"href":"https:\/\/sgvaimudar.com.br\/index.php\/wp-json\/wp\/v2\/comments?post=4857"}],"version-history":[{"count":1,"href":"https:\/\/sgvaimudar.com.br\/index.php\/wp-json\/wp\/v2\/posts\/4857\/revisions"}],"predecessor-version":[{"id":4859,"href":"https:\/\/sgvaimudar.com.br\/index.php\/wp-json\/wp\/v2\/posts\/4857\/revisions\/4859"}],"wp:featuredmedia":[{"embeddable":true,"href":"https:\/\/sgvaimudar.com.br\/index.php\/wp-json\/wp\/v2\/media\/4858"}],"wp:attachment":[{"href":"https:\/\/sgvaimudar.com.br\/index.php\/wp-json\/wp\/v2\/media?parent=4857"}],"wp:term":[{"taxonomy":"category","embeddable":true,"href":"https:\/\/sgvaimudar.com.br\/index.php\/wp-json\/wp\/v2\/categories?post=4857"},{"taxonomy":"post_tag","embeddable":true,"href":"https:\/\/sgvaimudar.com.br\/index.php\/wp-json\/wp\/v2\/tags?post=4857"}],"curies":[{"name":"wp","href":"https:\/\/api.w.org\/{rel}","templated":true}]}}