{"id":4824,"date":"2024-04-01T14:49:47","date_gmt":"2024-04-01T17:49:47","guid":{"rendered":"https:\/\/sgvaimudar.com.br\/?p=4824"},"modified":"2024-04-01T14:59:34","modified_gmt":"2024-04-01T17:59:34","slug":"adolescente-e-baleado-a-caminho-de-escola-em-sao-goncalo","status":"publish","type":"post","link":"https:\/\/sgvaimudar.com.br\/index.php\/2024\/04\/01\/adolescente-e-baleado-a-caminho-de-escola-em-sao-goncalo\/","title":{"rendered":"Adolescente \u00e9 baleado a caminho de escola em S\u00e3o Gon\u00e7alo"},"content":{"rendered":"\n<p>Um adolescente, de 17 anos, foi baleado nas costas, na manh\u00e3 desta segunda-feira (01), no Jardim Catarina, em S\u00e3o Gon\u00e7alo. De acordo com familiares, ele estava indo fazer uma prova na escola onde estuda, um Ciep da regi\u00e3o , quando foi atingido por um tiro. O jovem foi socorrido por um vizinho e levado para o Hospital Estadual Alberto Torres (Heat), no Coluband\u00ea. Segundo a fam\u00edlia, ele est\u00e1 consciente e de acordo com avalia\u00e7\u00e3o inicial dos m\u00e9dicos, n\u00e3o deve voltar a andar.<\/p>\n\n\n\n<p>&#8220;O m\u00e9dico falou para ele que as pernas dele pararam de funcionar. Que elas desligaram Mas, pelo menos ele est\u00e1 vivo&#8221;, afirmou a m\u00e3e dele.<\/p>\n\n\n\n<p>&#8220;O que ele contou foi que ele estava indo para a escola. Hoje ele tinha uma prova, quando viu os homens, ele tentou correr, e sentiu as costas queimando. A\u00ed, ele falou que se arrastou at\u00e9 atr\u00e1s de um caminh\u00e3o e ficou escondido, at\u00e9 que uma pessoa o socorreu&#8221;, contou a m\u00e3e do jovem.<\/p>\n\n\n\n<p>Um menino bom. Calmo, n\u00e3o \u00e9 de ir pra rua. Estava na casa da namorada ontem e hoje acordou cedo para ir para escola. Antes ele n\u00e3o tivesse ido&#8221;, lamentou a m\u00e3e do adolescente.<\/p>\n\n\n\n<p>O menino, ainda conforme a fam\u00edlia, afirma que quem efetuou o disparo contra ele foi um policial militar. No entanto, a Pol\u00edcia Militar informou que n\u00e3o havia opera\u00e7\u00e3o policial no local e que o Grupamento de A\u00e7\u00f5es T\u00e1ticas (GAT) da unidade estava atuando na comunidade da Dita, no J\u00f3quei.<\/p>\n\n\n\n<p>Fonte: O S\u00e3o Gon\u00e7alo<\/p>\n\n\n\n<p>#\ud835\ude68\ud835\ude5c\ud835\ude6b\ud835\ude56\ud835\ude5e\ud835\ude62\ud835\ude6a\ud835\ude59\ud835\ude56\ud835\ude67 <\/p>\n\n\n\n<p>\ud835\udc76 \ud835\udc8e\ud835\udc82\ud835\udc8a\ud835\udc90\ud835\udc93 \ud835\udc77\ud835\udc90\ud835\udc93\ud835\udc95\ud835\udc82\ud835\udc8d \ud835\udc85\ud835\udc86 \ud835\udc8f\ud835\udc90\ud835\udc95\ud835\udc8a\u0301\ud835\udc84\ud835\udc8a\ud835\udc82\ud835\udc94 \ud835\udc85\ud835\udc82 \ud835\udc84\ud835\udc8a\ud835\udc85\ud835\udc82\ud835\udc85\ud835\udc86.<div><br><\/div><\/p>\n","protected":false},"excerpt":{"rendered":"<p>Um adolescente, de 17 anos, foi baleado nas costas, na manh\u00e3 desta segunda-feira (01), no Jardim Catarina, em S\u00e3o Gon\u00e7alo.&hellip;<\/p>\n","protected":false},"author":2,"featured_media":4430,"comment_status":"open","ping_status":"open","sticky":false,"template":"","format":"standard","meta":{"fifu_image_url":"","fifu_image_alt":"","footnotes":""},"categories":[3],"tags":[],"class_list":["post-4824","post","type-post","status-publish","format-standard","has-post-thumbnail","hentry","category-sao-goncalo"],"_links":{"self":[{"href":"https:\/\/sgvaimudar.com.br\/index.php\/wp-json\/wp\/v2\/posts\/4824","targetHints":{"allow":["GET"]}}],"collection":[{"href":"https:\/\/sgvaimudar.com.br\/index.php\/wp-json\/wp\/v2\/posts"}],"about":[{"href":"https:\/\/sgvaimudar.com.br\/index.php\/wp-json\/wp\/v2\/types\/post"}],"author":[{"embeddable":true,"href":"https:\/\/sgvaimudar.com.br\/index.php\/wp-json\/wp\/v2\/users\/2"}],"replies":[{"embeddable":true,"href":"https:\/\/sgvaimudar.com.br\/index.php\/wp-json\/wp\/v2\/comments?post=4824"}],"version-history":[{"count":1,"href":"https:\/\/sgvaimudar.com.br\/index.php\/wp-json\/wp\/v2\/posts\/4824\/revisions"}],"predecessor-version":[{"id":4826,"href":"https:\/\/sgvaimudar.com.br\/index.php\/wp-json\/wp\/v2\/posts\/4824\/revisions\/4826"}],"wp:featuredmedia":[{"embeddable":true,"href":"https:\/\/sgvaimudar.com.br\/index.php\/wp-json\/wp\/v2\/media\/4430"}],"wp:attachment":[{"href":"https:\/\/sgvaimudar.com.br\/index.php\/wp-json\/wp\/v2\/media?parent=4824"}],"wp:term":[{"taxonomy":"category","embeddable":true,"href":"https:\/\/sgvaimudar.com.br\/index.php\/wp-json\/wp\/v2\/categories?post=4824"},{"taxonomy":"post_tag","embeddable":true,"href":"https:\/\/sgvaimudar.com.br\/index.php\/wp-json\/wp\/v2\/tags?post=4824"}],"curies":[{"name":"wp","href":"https:\/\/api.w.org\/{rel}","templated":true}]}}