{"id":4778,"date":"2024-03-25T19:07:13","date_gmt":"2024-03-25T22:07:13","guid":{"rendered":"https:\/\/sgvaimudar.com.br\/?p=4778"},"modified":"2024-03-25T19:07:13","modified_gmt":"2024-03-25T22:07:13","slug":"bbb24-fernanda-ja-foi-presa-por-furto-de-energia-popular-gato","status":"publish","type":"post","link":"https:\/\/sgvaimudar.com.br\/index.php\/2024\/03\/25\/bbb24-fernanda-ja-foi-presa-por-furto-de-energia-popular-gato\/","title":{"rendered":"BBB24: Fernanda j\u00e1 foi presa por furto de energia, popular &#8216;gato"},"content":{"rendered":"\n<p>Nesta segunda-feira (25), o v\u00eddeo de apresenta\u00e7\u00e3o da participante Fernanda Bande para o Big Brother Brasil 24 viraliz4u ap\u00f3s interna#tas descobrirem que ela foi pr3sa em 2022 por fazer uma lig5\u00e7\u00e3o dir3ta na rede de distrib#i\u00e7\u00e3o de energia el\u00e9trica, pr\u00e1tica conhecida como &#8220;g5to&#8221;. No registro divulgado no in\u00edcio do reality, a sister se descreveu como eletricista nas horas vagas. &#8220;Esse eletricista foi muito deb4che, gente&#8221;, brincou um espectador na web. &#8220;Ela mesma subiu no poste e p#xou aquele gatinho&#8221;, ironizou outro.<\/p>\n\n\n\n<p>Fernanda foi den#nciada pelo Minist\u00e9ri4 P\u00fablic4 do Rio de Janeiro (MPRJ por s#btrair energia el\u00e9trica para b3nef\u00edcio pr\u00f3prio. A confeiteira foi d3tida em fl5grante pelo crim3 e liber5da ap\u00f3s passar algumas horas na del3gacia m3diante pagamento de fian\u00e75 estipulada em R$ 1 mil. Ap\u00f3s c#mprir cl\u00e1#sulas de acordo com o MPRJ, que exigia q#ita\u00e7\u00e3o de m#lta e ress5rcimento da ENEL Distribui\u00e7\u00e3o S.A, sister teve a p#nibilidade extinta e o processo foi arquiv5do.<\/p>\n\n\n\n<p>DE OLHO NO BBB-24<\/p>\n\n\n\n<h1 class=\"wp-block-heading\">\ud835\ude68\ud835\ude5c\ud835\ude6b\ud835\ude56\ud835\ude5e\ud835\ude62\ud835\ude6a\ud835\ude59\ud835\ude56\ud835\ude67<\/h1>\n\n\n\n<p>\ud835\udc76 \ud835\udc8e\ud835\udc82\ud835\udc8a\ud835\udc90\ud835\udc93 \ud835\udc77\ud835\udc90\ud835\udc93\ud835\udc95\ud835\udc82\ud835\udc8d \ud835\udc85\ud835\udc86 \ud835\udc8f\ud835\udc90\ud835\udc95\ud835\udc8a\ud835\udc84\ud835\udc8a\ud835\udc82\ud835\udc94 \ud835\udc85\ud835\udc82 \ud835\udc84\ud835\udc8a\ud835\udc85\ud835\udc82\ud835\udc85\ud835\udc86.<\/p>\n","protected":false},"excerpt":{"rendered":"<p>Nesta segunda-feira (25), o v\u00eddeo de apresenta\u00e7\u00e3o da participante Fernanda Bande para o Big Brother Brasil 24 viraliz4u ap\u00f3s interna#tas&hellip;<\/p>\n","protected":false},"author":2,"featured_media":4779,"comment_status":"open","ping_status":"open","sticky":false,"template":"","format":"standard","meta":{"fifu_image_url":"","fifu_image_alt":"","footnotes":""},"categories":[34],"tags":[],"class_list":["post-4778","post","type-post","status-publish","format-standard","has-post-thumbnail","hentry","category-niteroi"],"_links":{"self":[{"href":"https:\/\/sgvaimudar.com.br\/index.php\/wp-json\/wp\/v2\/posts\/4778","targetHints":{"allow":["GET"]}}],"collection":[{"href":"https:\/\/sgvaimudar.com.br\/index.php\/wp-json\/wp\/v2\/posts"}],"about":[{"href":"https:\/\/sgvaimudar.com.br\/index.php\/wp-json\/wp\/v2\/types\/post"}],"author":[{"embeddable":true,"href":"https:\/\/sgvaimudar.com.br\/index.php\/wp-json\/wp\/v2\/users\/2"}],"replies":[{"embeddable":true,"href":"https:\/\/sgvaimudar.com.br\/index.php\/wp-json\/wp\/v2\/comments?post=4778"}],"version-history":[{"count":1,"href":"https:\/\/sgvaimudar.com.br\/index.php\/wp-json\/wp\/v2\/posts\/4778\/revisions"}],"predecessor-version":[{"id":4780,"href":"https:\/\/sgvaimudar.com.br\/index.php\/wp-json\/wp\/v2\/posts\/4778\/revisions\/4780"}],"wp:featuredmedia":[{"embeddable":true,"href":"https:\/\/sgvaimudar.com.br\/index.php\/wp-json\/wp\/v2\/media\/4779"}],"wp:attachment":[{"href":"https:\/\/sgvaimudar.com.br\/index.php\/wp-json\/wp\/v2\/media?parent=4778"}],"wp:term":[{"taxonomy":"category","embeddable":true,"href":"https:\/\/sgvaimudar.com.br\/index.php\/wp-json\/wp\/v2\/categories?post=4778"},{"taxonomy":"post_tag","embeddable":true,"href":"https:\/\/sgvaimudar.com.br\/index.php\/wp-json\/wp\/v2\/tags?post=4778"}],"curies":[{"name":"wp","href":"https:\/\/api.w.org\/{rel}","templated":true}]}}