{"id":4755,"date":"2024-03-22T19:05:50","date_gmt":"2024-03-22T22:05:50","guid":{"rendered":"https:\/\/sgvaimudar.com.br\/?p=4755"},"modified":"2024-03-22T19:05:50","modified_gmt":"2024-03-22T22:05:50","slug":"mauro-cid-desmaia-ao-ser-informado-sobre-sua-volta-a-prisao","status":"publish","type":"post","link":"https:\/\/sgvaimudar.com.br\/index.php\/2024\/03\/22\/mauro-cid-desmaia-ao-ser-informado-sobre-sua-volta-a-prisao\/","title":{"rendered":"Mauro Cid desmaia ao ser informado sobre sua volta \u00e0 pris\u00e3o"},"content":{"rendered":"\n<p>O tenente-coronel Mauro Cid desmaiou ao ser informado que voltaria para a pris\u00e3o, nesta sexta-feira (22), ap\u00f3s depoimento na sede do Supremo Tribunal Federal. O ministro Alexandre de Moraes, do STF, considerou que o militar descumpriu as medidas cautelares determinadas e tentou cometer o delito de obstru\u00e7\u00e3o da justi\u00e7a.<\/p>\n\n\n\n<p>Segundo o Correio Braziliense, Mauro Cid se sentiu mal ap\u00f3s o an\u00fancio da pris\u00e3o dentro do STF. A equipe de sa\u00fade local teria sido chamada, mas o militar teria se recuperado antes mesmo da chegada dos param\u00e9dicos.<\/p>\n\n\n\n<p>O ex-ajudante de ordens de Jair Bolsonaro, que chegou na sede do STF \u00e0s 13h para prestar esclarecimento, recebeu voz de pris\u00e3o imediatamente ap\u00f3s prestar depoimento.<\/p>\n\n\n\n<p>Cid, que estava impedido de se comunicar com os demais investigados e utilizar redes sociais, teve \u00e1udios vazados onde afirmava que sofria com press\u00e3o de alguns delegados da Pol\u00edcia Federal (PF) para \u201cconfirmar narrativas que j\u00e1 vinham prontas\u201d, disse o militar na grava\u00e7\u00e3o. Em outro ponto da grava\u00e7\u00e3o ele faz duras cr\u00edticas ao ministro Alexandre de Moraes e ao STF.<\/p>\n\n\n\n<p>Preso no STF, Cid foi encaminhado ao Departamento de Pol\u00edcia Especializada do DF, onde foi retirada a tornozeleira eletr\u00f4nica que estava obrigado a usar desde a soltura, em setembro, ap\u00f3s seis meses de pris\u00e3o provis\u00f3ria.<\/p>\n\n\n\n<p>Ap\u00f3s o procedimento na Pol\u00edcia Civil ele foi encaminhado \u00e0 Superintend\u00eancia Regional da PF, no Setor Policial Sul, onde deve realizar os procedimentos como o exame de corpo de delito e aguardar a escolta da Pol\u00edcia do Ex\u00e9rcito que deve conduzir o militar para o Batalh\u00e3o de Pol\u00edcia do Ex\u00e9rcito de Bras\u00edlia, no Setor Militar Urbano, onde deve permanecer preso.<\/p>\n\n\n\n<p>A defesa do militar, realizada pelo advogado Cezar Bitencourt, esteve boa parte da tarde na superintend\u00eancia da PF, e quando saiu n\u00e3o quis falar com os jornalistas.<\/p>\n\n\n\n<p>Em nota a defesa disse que as grava\u00e7\u00f5es vazadas s\u00e3o fruto de uma a\u00e7\u00e3o clandestina e dizem que Cid foi ilegalmente gravado em um momento de desabafo, nada al\u00e9m disso.<\/p>\n\n\n\n<h1 class=\"wp-block-heading\">\ud835\ude68\ud835\ude5c\ud835\ude6b\ud835\ude56\ud835\ude5e\ud835\ude62\ud835\ude6a\ud835\ude59\ud835\ude56\ud835\ude67<\/h1>\n\n\n\n<p>\ud835\udc76 \ud835\udc8e\ud835\udc82\ud835\udc8a\ud835\udc90\ud835\udc93 \ud835\udc77\ud835\udc90\ud835\udc93\ud835\udc95\ud835\udc82\ud835\udc8d \ud835\udc85\ud835\udc86 \ud835\udc8f\ud835\udc90\ud835\udc95\ud835\udc8a\ud835\udc84\ud835\udc8a\ud835\udc82\ud835\udc94 \ud835\udc85\ud835\udc82 \ud835\udc84\ud835\udc8a\ud835\udc85\ud835\udc82\ud835\udc85\ud835\udc86.<\/p>\n","protected":false},"excerpt":{"rendered":"<p>O tenente-coronel Mauro Cid desmaiou ao ser informado que voltaria para a pris\u00e3o, nesta sexta-feira (22), ap\u00f3s depoimento na sede&hellip;<\/p>\n","protected":false},"author":2,"featured_media":4756,"comment_status":"open","ping_status":"open","sticky":false,"template":"","format":"standard","meta":{"fifu_image_url":"","fifu_image_alt":"","footnotes":""},"categories":[4],"tags":[],"class_list":["post-4755","post","type-post","status-publish","format-standard","has-post-thumbnail","hentry","category-brasil"],"_links":{"self":[{"href":"https:\/\/sgvaimudar.com.br\/index.php\/wp-json\/wp\/v2\/posts\/4755","targetHints":{"allow":["GET"]}}],"collection":[{"href":"https:\/\/sgvaimudar.com.br\/index.php\/wp-json\/wp\/v2\/posts"}],"about":[{"href":"https:\/\/sgvaimudar.com.br\/index.php\/wp-json\/wp\/v2\/types\/post"}],"author":[{"embeddable":true,"href":"https:\/\/sgvaimudar.com.br\/index.php\/wp-json\/wp\/v2\/users\/2"}],"replies":[{"embeddable":true,"href":"https:\/\/sgvaimudar.com.br\/index.php\/wp-json\/wp\/v2\/comments?post=4755"}],"version-history":[{"count":1,"href":"https:\/\/sgvaimudar.com.br\/index.php\/wp-json\/wp\/v2\/posts\/4755\/revisions"}],"predecessor-version":[{"id":4757,"href":"https:\/\/sgvaimudar.com.br\/index.php\/wp-json\/wp\/v2\/posts\/4755\/revisions\/4757"}],"wp:featuredmedia":[{"embeddable":true,"href":"https:\/\/sgvaimudar.com.br\/index.php\/wp-json\/wp\/v2\/media\/4756"}],"wp:attachment":[{"href":"https:\/\/sgvaimudar.com.br\/index.php\/wp-json\/wp\/v2\/media?parent=4755"}],"wp:term":[{"taxonomy":"category","embeddable":true,"href":"https:\/\/sgvaimudar.com.br\/index.php\/wp-json\/wp\/v2\/categories?post=4755"},{"taxonomy":"post_tag","embeddable":true,"href":"https:\/\/sgvaimudar.com.br\/index.php\/wp-json\/wp\/v2\/tags?post=4755"}],"curies":[{"name":"wp","href":"https:\/\/api.w.org\/{rel}","templated":true}]}}