{"id":4745,"date":"2024-03-20T19:45:00","date_gmt":"2024-03-20T22:45:00","guid":{"rendered":"https:\/\/sgvaimudar.com.br\/?p=4745"},"modified":"2024-03-20T19:45:00","modified_gmt":"2024-03-20T22:45:00","slug":"foragido-por-homicidio-e-preso-em-sao-goncalo","status":"publish","type":"post","link":"https:\/\/sgvaimudar.com.br\/index.php\/2024\/03\/20\/foragido-por-homicidio-e-preso-em-sao-goncalo\/","title":{"rendered":"Foragido por homic\u00eddio \u00e9 preso em S\u00e3o Gon\u00e7alo"},"content":{"rendered":"\n<p>Jeferson Alexandre Almeida, de 33 anos, considerado foragido pela Justi\u00e7a por assassinato, foi preso na manh\u00e3 desta quarta-feira (20), em S\u00e3o Gon\u00e7alo, na Regi\u00e3o Metropolitana. Ele era procurado desde 2020 por um homic\u00eddio em Barra Mansa, na Regi\u00e3o Sul Fluminense.<br>Ele j\u00e1 havia sido preso em 2017 por tr\u00e1fico de drogas. No entanto, teve a liberdade concedida em audi\u00eancia de cust\u00f3dia. Tr\u00eas anos depois, um novo mandado de pris\u00e3o foi expedido pela 1\u00aa Vara Criminal de Barra Mansa.<\/p>\n\n\n\n<p>Jeferson foi preso no bairro do Pita por agentes da Divis\u00e3o de Recapturas (Recap) ap\u00f3s informa\u00e7\u00f5es repassadas pelo Disque Den\u00fancia. Com ele, os policiais apreenderam um rev\u00f3lver.<br>O suspeito foi encaminhado \u00e0 73\u00aa DP (Neves), onde foi cumprido o mandado de pris\u00e3o. Ap\u00f3s as formalidades legais , ele ser\u00e1 encaminhado ao sistema prisional, onde ficar\u00e1 \u00e0 disposi\u00e7\u00e3o da Justi\u00e7a.<\/p>\n\n\n\n<p>Fonte. Jornal O Dia<\/p>\n\n\n\n<h1 class=\"wp-block-heading\">\ud835\ude68\ud835\ude5c\ud835\ude6b\ud835\ude56\ud835\ude5e\ud835\ude62\ud835\ude6a\ud835\ude59\ud835\ude56\ud835\ude67<\/h1>\n\n\n\n<p>\ud835\udc76 \ud835\udc8e\ud835\udc82\ud835\udc8a\ud835\udc90\ud835\udc93 \ud835\udc77\ud835\udc90\ud835\udc93\ud835\udc95\ud835\udc82\ud835\udc8d \ud835\udc85\ud835\udc86 \ud835\udc8f\ud835\udc90\ud835\udc95\ud835\udc8a\ud835\udc84\ud835\udc8a\ud835\udc82\ud835\udc94 \ud835\udc85\ud835\udc82 \ud835\udc84\ud835\udc8a\ud835\udc85\ud835\udc82\ud835\udc85\ud835\udc86.<\/p>\n","protected":false},"excerpt":{"rendered":"<p>Jeferson Alexandre Almeida, de 33 anos, considerado foragido pela Justi\u00e7a por assassinato, foi preso na manh\u00e3 desta quarta-feira (20), em&hellip;<\/p>\n","protected":false},"author":2,"featured_media":4746,"comment_status":"open","ping_status":"open","sticky":false,"template":"","format":"standard","meta":{"fifu_image_url":"","fifu_image_alt":"","footnotes":""},"categories":[3],"tags":[],"class_list":["post-4745","post","type-post","status-publish","format-standard","has-post-thumbnail","hentry","category-sao-goncalo"],"_links":{"self":[{"href":"https:\/\/sgvaimudar.com.br\/index.php\/wp-json\/wp\/v2\/posts\/4745","targetHints":{"allow":["GET"]}}],"collection":[{"href":"https:\/\/sgvaimudar.com.br\/index.php\/wp-json\/wp\/v2\/posts"}],"about":[{"href":"https:\/\/sgvaimudar.com.br\/index.php\/wp-json\/wp\/v2\/types\/post"}],"author":[{"embeddable":true,"href":"https:\/\/sgvaimudar.com.br\/index.php\/wp-json\/wp\/v2\/users\/2"}],"replies":[{"embeddable":true,"href":"https:\/\/sgvaimudar.com.br\/index.php\/wp-json\/wp\/v2\/comments?post=4745"}],"version-history":[{"count":1,"href":"https:\/\/sgvaimudar.com.br\/index.php\/wp-json\/wp\/v2\/posts\/4745\/revisions"}],"predecessor-version":[{"id":4747,"href":"https:\/\/sgvaimudar.com.br\/index.php\/wp-json\/wp\/v2\/posts\/4745\/revisions\/4747"}],"wp:featuredmedia":[{"embeddable":true,"href":"https:\/\/sgvaimudar.com.br\/index.php\/wp-json\/wp\/v2\/media\/4746"}],"wp:attachment":[{"href":"https:\/\/sgvaimudar.com.br\/index.php\/wp-json\/wp\/v2\/media?parent=4745"}],"wp:term":[{"taxonomy":"category","embeddable":true,"href":"https:\/\/sgvaimudar.com.br\/index.php\/wp-json\/wp\/v2\/categories?post=4745"},{"taxonomy":"post_tag","embeddable":true,"href":"https:\/\/sgvaimudar.com.br\/index.php\/wp-json\/wp\/v2\/tags?post=4745"}],"curies":[{"name":"wp","href":"https:\/\/api.w.org\/{rel}","templated":true}]}}