{"id":4732,"date":"2024-03-18T20:31:19","date_gmt":"2024-03-18T23:31:19","guid":{"rendered":"https:\/\/sgvaimudar.com.br\/?p=4732"},"modified":"2024-03-18T20:31:19","modified_gmt":"2024-03-18T23:31:19","slug":"baleado-em-sequestro-na-rodoviaria-do-rio-continua-na-uti-mas-com-sinais-de-estabilizacao","status":"publish","type":"post","link":"https:\/\/sgvaimudar.com.br\/index.php\/2024\/03\/18\/baleado-em-sequestro-na-rodoviaria-do-rio-continua-na-uti-mas-com-sinais-de-estabilizacao\/","title":{"rendered":"Baleado em sequestro na rodovi\u00e1ria do Rio continua na UTI, mas com sinais de estabiliza\u00e7\u00e3o"},"content":{"rendered":"\n<p>Permanece intern5do no Hospital Samaritano Botafogo, no Rio de Janeiro, o passageiro bal3ado durante o sequ3stro na rodovi\u00e1ria do Rio de Janeiro. O caso completa uma semana nesta ter\u00e7a-feira (19).<\/p>\n\n\n\n<p>Conforme atualiza\u00e7\u00e3o da unidade de sa\u00fade, Bruno Lima da Costa, de 34 anos, permanece em estado gr5ve na Unid5de de Ter5pia Intensiva (UTI) apresentando sinais de est5biliza\u00e7\u00e3o, j\u00e1 sem medic5mentos para manter a pr3ss\u00e3o arteri5l.<\/p>\n\n\n\n<p>Ele continua em ventila\u00e7\u00e3o mec\u00e2nica, conforme informou o boletim m\u00e9dico encaminhado \u00e0 impr3nsa na tarde desta segunda-feira (18).<\/p>\n\n\n\n<p>Na \u00faltima quinta, os m\u00e9dicos retiraram o pr4j\u00e9til alojado pr\u00f3ximo ao cora\u00e7\u00e3o do rapaz. No dia do ocorrido, Bruno deu entrada inicialmente no Hospital Souza Aguiar, onde tamb\u00e9m realizou cir#rgia. Depois, foi transferido para o Instituto Nacional de Cardi4logia e, por fim, foi transferido para o Hospital Samaritano Botafogo, onde est\u00e1 intern5do.<\/p>\n\n\n\n<p>Fonte: g 1<\/p>\n\n\n\n<h1 class=\"wp-block-heading\">\ud835\ude68\ud835\ude5c\ud835\ude6b\ud835\ude56\ud835\ude5e\ud835\ude62\ud835\ude6a\ud835\ude59\ud835\ude56\ud835\ude67<\/h1>\n\n\n\n<p>\ud835\udc76 \ud835\udc8e\ud835\udc82\ud835\udc8a\ud835\udc90\ud835\udc93 \ud835\udc77\ud835\udc90\ud835\udc93\ud835\udc95\ud835\udc82\ud835\udc8d \ud835\udc85\ud835\udc86 \ud835\udc8f\ud835\udc90\ud835\udc95\ud835\udc8a\ud835\udc84\ud835\udc8a\ud835\udc82\ud835\udc94 \ud835\udc85\ud835\udc82 \ud835\udc84\ud835\udc8a\ud835\udc85\ud835\udc82\ud835\udc85\ud835\udc86.<\/p>\n","protected":false},"excerpt":{"rendered":"<p>Permanece intern5do no Hospital Samaritano Botafogo, no Rio de Janeiro, o passageiro bal3ado durante o sequ3stro na rodovi\u00e1ria do Rio&hellip;<\/p>\n","protected":false},"author":2,"featured_media":4733,"comment_status":"open","ping_status":"open","sticky":false,"template":"","format":"standard","meta":{"fifu_image_url":"","fifu_image_alt":"","footnotes":""},"categories":[32],"tags":[],"class_list":["post-4732","post","type-post","status-publish","format-standard","has-post-thumbnail","hentry","category-casos-de-policia"],"_links":{"self":[{"href":"https:\/\/sgvaimudar.com.br\/index.php\/wp-json\/wp\/v2\/posts\/4732","targetHints":{"allow":["GET"]}}],"collection":[{"href":"https:\/\/sgvaimudar.com.br\/index.php\/wp-json\/wp\/v2\/posts"}],"about":[{"href":"https:\/\/sgvaimudar.com.br\/index.php\/wp-json\/wp\/v2\/types\/post"}],"author":[{"embeddable":true,"href":"https:\/\/sgvaimudar.com.br\/index.php\/wp-json\/wp\/v2\/users\/2"}],"replies":[{"embeddable":true,"href":"https:\/\/sgvaimudar.com.br\/index.php\/wp-json\/wp\/v2\/comments?post=4732"}],"version-history":[{"count":1,"href":"https:\/\/sgvaimudar.com.br\/index.php\/wp-json\/wp\/v2\/posts\/4732\/revisions"}],"predecessor-version":[{"id":4734,"href":"https:\/\/sgvaimudar.com.br\/index.php\/wp-json\/wp\/v2\/posts\/4732\/revisions\/4734"}],"wp:featuredmedia":[{"embeddable":true,"href":"https:\/\/sgvaimudar.com.br\/index.php\/wp-json\/wp\/v2\/media\/4733"}],"wp:attachment":[{"href":"https:\/\/sgvaimudar.com.br\/index.php\/wp-json\/wp\/v2\/media?parent=4732"}],"wp:term":[{"taxonomy":"category","embeddable":true,"href":"https:\/\/sgvaimudar.com.br\/index.php\/wp-json\/wp\/v2\/categories?post=4732"},{"taxonomy":"post_tag","embeddable":true,"href":"https:\/\/sgvaimudar.com.br\/index.php\/wp-json\/wp\/v2\/tags?post=4732"}],"curies":[{"name":"wp","href":"https:\/\/api.w.org\/{rel}","templated":true}]}}