{"id":4696,"date":"2024-03-13T16:37:51","date_gmt":"2024-03-13T19:37:51","guid":{"rendered":"https:\/\/sgvaimudar.com.br\/?p=4696"},"modified":"2024-03-13T16:37:51","modified_gmt":"2024-03-13T19:37:51","slug":"estudante-e-baleada-na-cabeca-durante-troca-de-tiros-na-baixada","status":"publish","type":"post","link":"https:\/\/sgvaimudar.com.br\/index.php\/2024\/03\/13\/estudante-e-baleada-na-cabeca-durante-troca-de-tiros-na-baixada\/","title":{"rendered":"Estudante \u00e9 baleada na cabe\u00e7a durante troca de tiros na Baixada"},"content":{"rendered":"\n<p>Um menino de 5 anos e uma adolescente de 14 foram feridos por tiros durante um confronto entre milicianos na Rua Cambuci com Euclides da Cunha, em S\u00e3o Jo\u00e3o de Meriti, na Baixada Fluminense, nesta quarta-feira (13). A adolescente foi atingida por tr\u00eas tiros, um dos quais na cabe\u00e7a.<\/p>\n\n\n\n<p>O Corpo de Bombeiros foi acionado, mas quando chegou ao local, as v\u00edtimas j\u00e1 haviam sido levadas para uma unidade de sa\u00fade.<\/p>\n\n\n\n<p>Testemunhas relataram que a adolescente estava uniformizada e com uma mochila nas costas. Ela foi inicialmente levada para a Unidade de Pronto Atendimento de Jardim \u00cdris e, devido \u00e0 gravidade, transferida para o Hospital Municipal Ad\u00e3o Pereira Nunes, em Duque de Caxias.<\/p>\n\n\n\n<p>Por sua vez, o menino sofreu um ferimento superficial no nariz. Ele recebeu atendimento na UPA Jardim \u00cdris e foi transferido para outro hospital. N\u00e3o h\u00e1 informa\u00e7\u00f5es atualizadas sobre o estado de sa\u00fade das v\u00edtimas.<\/p>\n\n\n\n<p>A Pol\u00edcia Militar informou que refor\u00e7ou o policiamento na regi\u00e3o. &#8220;Nesta quarta-feira (13), policiais militares do 21\u00ba BPM (S\u00e3o Jo\u00e3o de Meriti) foram \u00e0 Avenida Euclides da Cunha, em Vila S\u00e3o Jo\u00e3o, para verificar disparo de arma de fogo. No local, as equipes encontraram dois ve\u00edculos com diversas perfura\u00e7\u00f5es provocadas por arma de fogo. No interior do carro, os agentes localizaram uma pistola, cinto de guarni\u00e7\u00e3o, carregadores, quatro celulares e duas granadas. Populares informaram aos policiais que uma crian\u00e7a e uma adolescente feridos foram socorridos \u00e0 UPA do Jardim \u00cdris. Ocorr\u00eancia em andamento&#8221;, declarou a PM em nota.<\/p>\n\n\n\n<p>Fonte: Enfoco Site de Not\u00edcias<\/p>\n\n\n\n<h1 class=\"wp-block-heading\">\ud835\ude68\ud835\ude5c\ud835\ude6b\ud835\ude56\ud835\ude5e\ud835\ude62\ud835\ude6a\ud835\ude59\ud835\ude56\ud835\ude67<\/h1>\n\n\n\n<p>\ud835\udc76 \ud835\udc8e\ud835\udc82\ud835\udc8a\ud835\udc90\ud835\udc93 \ud835\udc77\ud835\udc90\ud835\udc93\ud835\udc95\ud835\udc82\ud835\udc8d \ud835\udc85\ud835\udc86 \ud835\udc8f\ud835\udc90\ud835\udc95\ud835\udc8a\ud835\udc84\ud835\udc8a\ud835\udc82\ud835\udc94 \ud835\udc85\ud835\udc82 \ud835\udc84\ud835\udc8a\ud835\udc85\ud835\udc82\ud835\udc85\ud835\udc86.<\/p>\n","protected":false},"excerpt":{"rendered":"<p>Um menino de 5 anos e uma adolescente de 14 foram feridos por tiros durante um confronto entre milicianos na&hellip;<\/p>\n","protected":false},"author":2,"featured_media":4697,"comment_status":"open","ping_status":"open","sticky":false,"template":"","format":"standard","meta":{"fifu_image_url":"","fifu_image_alt":"","footnotes":""},"categories":[32],"tags":[],"class_list":["post-4696","post","type-post","status-publish","format-standard","has-post-thumbnail","hentry","category-casos-de-policia"],"_links":{"self":[{"href":"https:\/\/sgvaimudar.com.br\/index.php\/wp-json\/wp\/v2\/posts\/4696","targetHints":{"allow":["GET"]}}],"collection":[{"href":"https:\/\/sgvaimudar.com.br\/index.php\/wp-json\/wp\/v2\/posts"}],"about":[{"href":"https:\/\/sgvaimudar.com.br\/index.php\/wp-json\/wp\/v2\/types\/post"}],"author":[{"embeddable":true,"href":"https:\/\/sgvaimudar.com.br\/index.php\/wp-json\/wp\/v2\/users\/2"}],"replies":[{"embeddable":true,"href":"https:\/\/sgvaimudar.com.br\/index.php\/wp-json\/wp\/v2\/comments?post=4696"}],"version-history":[{"count":1,"href":"https:\/\/sgvaimudar.com.br\/index.php\/wp-json\/wp\/v2\/posts\/4696\/revisions"}],"predecessor-version":[{"id":4698,"href":"https:\/\/sgvaimudar.com.br\/index.php\/wp-json\/wp\/v2\/posts\/4696\/revisions\/4698"}],"wp:featuredmedia":[{"embeddable":true,"href":"https:\/\/sgvaimudar.com.br\/index.php\/wp-json\/wp\/v2\/media\/4697"}],"wp:attachment":[{"href":"https:\/\/sgvaimudar.com.br\/index.php\/wp-json\/wp\/v2\/media?parent=4696"}],"wp:term":[{"taxonomy":"category","embeddable":true,"href":"https:\/\/sgvaimudar.com.br\/index.php\/wp-json\/wp\/v2\/categories?post=4696"},{"taxonomy":"post_tag","embeddable":true,"href":"https:\/\/sgvaimudar.com.br\/index.php\/wp-json\/wp\/v2\/tags?post=4696"}],"curies":[{"name":"wp","href":"https:\/\/api.w.org\/{rel}","templated":true}]}}