{"id":4672,"date":"2024-03-09T12:44:50","date_gmt":"2024-03-09T15:44:50","guid":{"rendered":"https:\/\/sgvaimudar.com.br\/?p=4672"},"modified":"2024-03-09T12:44:51","modified_gmt":"2024-03-09T15:44:51","slug":"operacao-atria-homem-e-preso-por-estuprar-a-propria-mae","status":"publish","type":"post","link":"https:\/\/sgvaimudar.com.br\/index.php\/2024\/03\/09\/operacao-atria-homem-e-preso-por-estuprar-a-propria-mae\/","title":{"rendered":"Opera\u00e7\u00e3o \u00c1tria: homem \u00e9 preso por estuprar a pr\u00f3pria m\u00e3e"},"content":{"rendered":"\n<p>Rio- &#8211; Um homem, de 34 anos, foi preso no Centro do Rio, nesta sexta-feira (8), acusado de estuprar a pr\u00f3pria m\u00e3e que estava debilitada durante processo de tratamento contra o c\u00e2ncer. Segundo a pol\u00edcia, o crime ocorreu na Bahia em 2010 quando Elcimar de Jesus Costa tinha 20 anos. Ele foi preso na opera\u00e7\u00e3o \u00c1tria, deflagrada pela Pol\u00edcia Civil para combater a viol\u00eancia dom\u00e9stica.<\/p>\n\n\n\n<p>De acordo com as investiga\u00e7\u00f5es, na ocasi\u00e3o, em mar\u00e7o de 2010, o rapaz foi at\u00e9 a casa da tia, onde sua m\u00e3e estava dormindo, e a levou at\u00e9 sua casa. No local, retirou as roupas da m\u00e3e e abusou sexualmente dela. Os gritos da v\u00edtima chamaram aten\u00e7\u00e3o de vizinhos, que acionaram a pol\u00edcia. Elcimar foi preso em flagrante e teve a liberdade concedida tr\u00eas meses depois.<\/p>\n\n\n\n<p>Fonte: Jornal O Dia<\/p>\n\n\n\n<h1 class=\"wp-block-heading\">\ud835\ude68\ud835\ude5c\ud835\ude6b\ud835\ude56\ud835\ude5e\ud835\ude62\ud835\ude6a\ud835\ude59\ud835\ude56\ud835\ude67<\/h1>\n\n\n\n<p>\ud835\udc76 \ud835\udc8e\ud835\udc82\ud835\udc8a\ud835\udc90\ud835\udc93 \ud835\udc77\ud835\udc90\ud835\udc93\ud835\udc95\ud835\udc82\ud835\udc8d \ud835\udc85\ud835\udc86 \ud835\udc8f\ud835\udc90\ud835\udc95\ud835\udc8a\ud835\udc84\ud835\udc8a\ud835\udc82\ud835\udc94 \ud835\udc85\ud835\udc82 \ud835\udc84\ud835\udc8a\ud835\udc85\ud835\udc82\ud835\udc85\ud835\udc86.<\/p>\n","protected":false},"excerpt":{"rendered":"<p>Rio- &#8211; Um homem, de 34 anos, foi preso no Centro do Rio, nesta sexta-feira (8), acusado de estuprar a&hellip;<\/p>\n","protected":false},"author":2,"featured_media":4674,"comment_status":"open","ping_status":"open","sticky":false,"template":"","format":"standard","meta":{"fifu_image_url":"","fifu_image_alt":"","footnotes":""},"categories":[32],"tags":[],"class_list":["post-4672","post","type-post","status-publish","format-standard","has-post-thumbnail","hentry","category-casos-de-policia"],"_links":{"self":[{"href":"https:\/\/sgvaimudar.com.br\/index.php\/wp-json\/wp\/v2\/posts\/4672","targetHints":{"allow":["GET"]}}],"collection":[{"href":"https:\/\/sgvaimudar.com.br\/index.php\/wp-json\/wp\/v2\/posts"}],"about":[{"href":"https:\/\/sgvaimudar.com.br\/index.php\/wp-json\/wp\/v2\/types\/post"}],"author":[{"embeddable":true,"href":"https:\/\/sgvaimudar.com.br\/index.php\/wp-json\/wp\/v2\/users\/2"}],"replies":[{"embeddable":true,"href":"https:\/\/sgvaimudar.com.br\/index.php\/wp-json\/wp\/v2\/comments?post=4672"}],"version-history":[{"count":1,"href":"https:\/\/sgvaimudar.com.br\/index.php\/wp-json\/wp\/v2\/posts\/4672\/revisions"}],"predecessor-version":[{"id":4675,"href":"https:\/\/sgvaimudar.com.br\/index.php\/wp-json\/wp\/v2\/posts\/4672\/revisions\/4675"}],"wp:featuredmedia":[{"embeddable":true,"href":"https:\/\/sgvaimudar.com.br\/index.php\/wp-json\/wp\/v2\/media\/4674"}],"wp:attachment":[{"href":"https:\/\/sgvaimudar.com.br\/index.php\/wp-json\/wp\/v2\/media?parent=4672"}],"wp:term":[{"taxonomy":"category","embeddable":true,"href":"https:\/\/sgvaimudar.com.br\/index.php\/wp-json\/wp\/v2\/categories?post=4672"},{"taxonomy":"post_tag","embeddable":true,"href":"https:\/\/sgvaimudar.com.br\/index.php\/wp-json\/wp\/v2\/tags?post=4672"}],"curies":[{"name":"wp","href":"https:\/\/api.w.org\/{rel}","templated":true}]}}