{"id":46688,"date":"2026-09-06T17:00:00","date_gmt":"2026-09-06T20:00:00","guid":{"rendered":"https:\/\/sgvaimudar.com.br\/?p=46688"},"modified":"2026-09-06T09:55:34","modified_gmt":"2026-09-06T12:55:34","slug":"praia-das-pedrinhas-ganha-os-ultimos-ajustes-nas-obras","status":"publish","type":"post","link":"https:\/\/sgvaimudar.com.br\/index.php\/2026\/09\/06\/praia-das-pedrinhas-ganha-os-ultimos-ajustes-nas-obras\/","title":{"rendered":"Praia das Pedrinhas ganha os \u00faltimos ajustes nas obras"},"content":{"rendered":"\n<p><em>Pr\u00f3xima etapa inclui instala\u00e7\u00e3o de equipamentos para academia do idosos e paisagismo<\/em><\/p>\n\n\n\n<p>As obras de revitaliza\u00e7\u00e3o na orla da Praia das Pedrinhas est\u00e3o recebendo os ajustes finais. Na \u00faltima semana, as equipes realizaram a instala\u00e7\u00e3o do piso intertravado e a constru\u00e7\u00e3o das \u00faltimas cal\u00e7adas e meios-fios do projeto. Al\u00e9m disso, foi feita a infraestrutura da ilumina\u00e7\u00e3o e o acabamento dos canteiros. Os pr\u00f3ximos passos incluem a instala\u00e7\u00e3o de equipamentos para a academia para idosos e paisagismo. As interven\u00e7\u00f5es est\u00e3o sendo realizadas na Rua S\u00e9rgio Martins de Carvalho.<\/p>\n\n\n\n<figure class=\"wp-block-image size-large\"><img fetchpriority=\"high\" decoding=\"async\" width=\"1024\" height=\"684\" src=\"https:\/\/sgvaimudar.com.br\/wp-content\/uploads\/2026\/09\/unnamed-14-1024x684.jpg\" alt=\"\" class=\"wp-image-46690\" srcset=\"https:\/\/sgvaimudar.com.br\/wp-content\/uploads\/2026\/09\/unnamed-14-1024x684.jpg 1024w, https:\/\/sgvaimudar.com.br\/wp-content\/uploads\/2026\/09\/unnamed-14-300x200.jpg 300w, https:\/\/sgvaimudar.com.br\/wp-content\/uploads\/2026\/09\/unnamed-14-768x513.jpg 768w, https:\/\/sgvaimudar.com.br\/wp-content\/uploads\/2026\/09\/unnamed-14-1536x1027.jpg 1536w, https:\/\/sgvaimudar.com.br\/wp-content\/uploads\/2026\/09\/unnamed-14.jpg 1616w\" sizes=\"(max-width: 1024px) 100vw, 1024px\" \/><\/figure>\n\n\n\n<p>As interven\u00e7\u00f5es no mais belo cart\u00e3o-postal de S\u00e3o Gon\u00e7alo tiveram in\u00edcio no lado esquerdo da orla da praia, que j\u00e1 recebeu asfalto, redes de drenagem, padroniza\u00e7\u00e3o das cal\u00e7adas, esgotamento sanit\u00e1rio e abastecimento de \u00e1gua, numa interven\u00e7\u00e3o simult\u00e2nea com a concession\u00e1ria \u00c1guas do Rio.<\/p>\n\n\n\n<p>Atualmente, est\u00e1 em andamento a segunda parte das obras, do lado direito, onde j\u00e1 foram feitos servi\u00e7os de drenagem, para evitar alagamentos, e a instala\u00e7\u00e3o de redes de esgoto e de \u00e1gua pela concession\u00e1ria \u00c1guas do Rio. J\u00e1 foram instalados tamb\u00e9m os pergolados e o piso t\u00e1til. O principal objetivo da obra \u00e9 criar novos espa\u00e7os de perman\u00eancia e conviv\u00eancia com uma faixa de areia elevada e outros usos associados \u00e0 atividade tur\u00edstica da orla.<\/p>\n\n\n\n<p>Daniel Cobel, de 26 anos, \u00e9 frequentador do local e disse que as obras transformaram o local.<\/p>\n\n\n\n<p>&#8220;Tudo mudou e est\u00e1 mil vezes melhor, n\u00e3o parece nem o mesmo lugar. At\u00e9 os bares est\u00e3o mais atrativos com essa reforma na rua. Eu estava no Parque RJ Nosso Sonho fazendo exerc\u00edcio e vim para c\u00e1 agora para descansar observando o mar. \u00c9 um \u00f3timo combo&#8221;, contou o motoboy.<\/p>\n\n\n\n<p>O projeto urban\u00edstico e paisag\u00edstico para a orla recebeu men\u00e7\u00e3o honrosa do Pr\u00eamio ABAP Roberto Burle Marx, na Modalidade Projeto, Categoria Espa\u00e7o P\u00fablico e Preserva\u00e7\u00e3o Hist\u00f3rico-Cultural. As obras ainda visam promover acessibilidade para pessoas com defici\u00eancia (PcDs).<\/p>\n\n\n\n<p>&#8220;Vale destacar que a via principal do bairro est\u00e1 interditada para a passagem de ve\u00edculos devido \u00e0s interven\u00e7\u00f5es, mas os bares e restaurantes na praia seguem funcionando normalmente&#8221;, disse a Prefeitura no texto.<\/p>\n\n\n\n<p><em>Fotos: Renan Otto<\/em><\/p>\n\n\n\n<figure class=\"wp-block-video\"><video height=\"850\" style=\"aspect-ratio: 476 \/ 850;\" width=\"476\" controls src=\"https:\/\/sgvaimudar.com.br\/wp-content\/uploads\/2026\/02\/anuncioWillSmith.mp4\"><\/video><\/figure>\n","protected":false},"excerpt":{"rendered":"<p>Pr\u00f3xima etapa inclui instala\u00e7\u00e3o de equipamentos para academia do idosos e paisagismo As obras de revitaliza\u00e7\u00e3o na orla da Praia&hellip;<\/p>\n","protected":false},"author":5,"featured_media":46692,"comment_status":"closed","ping_status":"open","sticky":false,"template":"","format":"standard","meta":{"fifu_image_url":"https:\/\/sgvaimudar.com.br\/wp-content\/uploads\/2026\/09\/unnamed-13-1.jpg","fifu_image_alt":"","footnotes":""},"categories":[3],"tags":[1261,3134,954,47,75,1488,526],"class_list":["post-46688","post","type-post","status-publish","format-standard","has-post-thumbnail","hentry","category-sao-goncalo","tag-goncalense","tag-lugar-para-chamar-de-seu","tag-praia","tag-rj","tag-sao-goncalo","tag-sonho","tag-turismo"],"_links":{"self":[{"href":"https:\/\/sgvaimudar.com.br\/index.php\/wp-json\/wp\/v2\/posts\/46688","targetHints":{"allow":["GET"]}}],"collection":[{"href":"https:\/\/sgvaimudar.com.br\/index.php\/wp-json\/wp\/v2\/posts"}],"about":[{"href":"https:\/\/sgvaimudar.com.br\/index.php\/wp-json\/wp\/v2\/types\/post"}],"author":[{"embeddable":true,"href":"https:\/\/sgvaimudar.com.br\/index.php\/wp-json\/wp\/v2\/users\/5"}],"replies":[{"embeddable":true,"href":"https:\/\/sgvaimudar.com.br\/index.php\/wp-json\/wp\/v2\/comments?post=46688"}],"version-history":[{"count":1,"href":"https:\/\/sgvaimudar.com.br\/index.php\/wp-json\/wp\/v2\/posts\/46688\/revisions"}],"predecessor-version":[{"id":46691,"href":"https:\/\/sgvaimudar.com.br\/index.php\/wp-json\/wp\/v2\/posts\/46688\/revisions\/46691"}],"wp:featuredmedia":[{"embeddable":true,"href":"https:\/\/sgvaimudar.com.br\/index.php\/wp-json\/wp\/v2\/media\/46692"}],"wp:attachment":[{"href":"https:\/\/sgvaimudar.com.br\/index.php\/wp-json\/wp\/v2\/media?parent=46688"}],"wp:term":[{"taxonomy":"category","embeddable":true,"href":"https:\/\/sgvaimudar.com.br\/index.php\/wp-json\/wp\/v2\/categories?post=46688"},{"taxonomy":"post_tag","embeddable":true,"href":"https:\/\/sgvaimudar.com.br\/index.php\/wp-json\/wp\/v2\/tags?post=46688"}],"curies":[{"name":"wp","href":"https:\/\/api.w.org\/{rel}","templated":true}]}}