{"id":46684,"date":"2026-09-06T15:00:00","date_gmt":"2026-09-06T18:00:00","guid":{"rendered":"https:\/\/sgvaimudar.com.br\/?p=46684"},"modified":"2026-09-06T09:48:26","modified_gmt":"2026-09-06T12:48:26","slug":"prefeitura-participa-de-operacao-de-combate-ao-desmatamento-da-mata-atlantica","status":"publish","type":"post","link":"https:\/\/sgvaimudar.com.br\/index.php\/2026\/09\/06\/prefeitura-participa-de-operacao-de-combate-ao-desmatamento-da-mata-atlantica\/","title":{"rendered":"Prefeitura participa de opera\u00e7\u00e3o de combate ao desmatamento da mata Atl\u00e2ntica"},"content":{"rendered":"\n<p><em>A\u00e7\u00e3o realizada no munic\u00edpio integra a Opera\u00e7\u00e3o Mata Atl\u00e2ntica em P\u00e9 2026, que mobilizou equipes de fiscaliza\u00e7\u00e3o em 64 cidades do Estado do Rio de Janeiro<\/em><\/p>\n\n\n\n<p>A Prefeitura de S\u00e3o Gon\u00e7alo participou da Opera\u00e7\u00e3o Mata Atl\u00e2ntica em P\u00e9 2026, iniciativa realizada em \u00e2mbito nacional para combater o desmatamento e a degrada\u00e7\u00e3o da vegeta\u00e7\u00e3o nativa. No munic\u00edpio, fiscais da Secretaria de Meio Ambiente e Transportes realizaram uma vistoria no CTR Alc\u00e2ntara em agosto para verificar alerta de supress\u00e3o de vegeta\u00e7\u00e3o em uma \u00e1rea de aproximadamente 1,18 hectares.<\/p>\n\n\n\n<p>Durante a vistoria, os agentes confirmaram a supress\u00e3o de vegeta\u00e7\u00e3o em uma \u00e1rea de relevo no entorno da Esta\u00e7\u00e3o de Tratamento de Chorume, onde foram abertas novas frentes de opera\u00e7\u00e3o do aterro sanit\u00e1rio. A partir da an\u00e1lise da Licen\u00e7a de Instala\u00e7\u00e3o do empreendimento e das condi\u00e7\u00f5es verificadas em campo, constatou-se que existe processo de licenciamento ambiental conduzido pelo Instituto Estadual do Ambiente (Inea) que prev\u00ea a supress\u00e3o vegetal na \u00e1rea do aterro.<\/p>\n\n\n\n<p>As informa\u00e7\u00f5es levantadas pela equipe municipal poder\u00e3o auxiliar o \u00f3rg\u00e3o estadual na an\u00e1lise dos documentos que integram o processo de licenciamento e na identifica\u00e7\u00e3o precisa das \u00e1reas autorizadas para interven\u00e7\u00e3o. Ao final da fiscaliza\u00e7\u00e3o, foram instaladas duas placas com a identifica\u00e7\u00e3o do alerta, sinalizando que a \u00e1rea permanece sob monitoramento.<\/p>\n\n\n\n<p>O secret\u00e1rio de Meio Ambiente e Transportes, Fabio Lemos, ressaltou que a integra\u00e7\u00e3o entre os \u00f3rg\u00e3os p\u00fablicos amplia a capacidade de fiscaliza\u00e7\u00e3o e fortalece as a\u00e7\u00f5es de prote\u00e7\u00e3o ambiental.<\/p>\n\n\n\n<p>\u201cEsse trabalho mostra a import\u00e2ncia da uni\u00e3o entre a Prefeitura de S\u00e3o Gon\u00e7alo e os \u00f3rg\u00e3os ambientais do governo do Estado. A integra\u00e7\u00e3o das equipes permite ampliar a fiscaliza\u00e7\u00e3o, compartilhar informa\u00e7\u00f5es t\u00e9cnicas e dar respostas mais eficientes \u00e0s ocorr\u00eancias identificadas em nosso territ\u00f3rio. A prote\u00e7\u00e3o do meio ambiente exige uma atua\u00e7\u00e3o permanente e colaborativa, e S\u00e3o Gon\u00e7alo est\u00e1 fazendo a sua parte nesse esfor\u00e7o conjunto de preserva\u00e7\u00e3o da Mata Atl\u00e2ntica\u201d, afirmou o secret\u00e1rio.<\/p>\n\n\n\n<p>A Opera\u00e7\u00e3o Mata Atl\u00e2ntica em P\u00e9, realizada nacionalmente com a participa\u00e7\u00e3o de 17 estados, registrou, em 2026, a maior mobiliza\u00e7\u00e3o de sua hist\u00f3ria no Estado do Rio de Janeiro. A a\u00e7\u00e3o, que re\u00fane a Secretaria de Estado do Ambiente e Sustentabilidade (Seas), o Instituto Estadual do Ambiente (Inea), o Minist\u00e9rio P\u00fablico e os munic\u00edpios participantes, atendeu 168 alertas em 64 cidades fluminenses, abrangendo mais de 314 hectares vistoriados. A for\u00e7a-tarefa resultou ainda em 219 medidas administrativas, 106 \u00e1reas embargadas remotamente e mais de R$ 800 mil em multas. Em S\u00e3o Gon\u00e7alo, a a\u00e7\u00e3o aconteceu em agosto, mas sua divulga\u00e7\u00e3o ficou condicionada ao t\u00e9rmino de toda a mobiliza\u00e7\u00e3o.<\/p>\n\n\n\n<p><em>Fotos: Ascom PMSG<\/em><\/p>\n\n\n\n<figure class=\"wp-block-video\"><video height=\"850\" style=\"aspect-ratio: 478 \/ 850;\" width=\"478\" controls src=\"https:\/\/sgvaimudar.com.br\/wp-content\/uploads\/2026\/05\/ANUNCIEMAOPUXANDO.mp4\"><\/video><\/figure>\n","protected":false},"excerpt":{"rendered":"<p>A\u00e7\u00e3o realizada no munic\u00edpio integra a Opera\u00e7\u00e3o Mata Atl\u00e2ntica em P\u00e9 2026, que mobilizou equipes de fiscaliza\u00e7\u00e3o em 64 cidades&hellip;<\/p>\n","protected":false},"author":5,"featured_media":46687,"comment_status":"closed","ping_status":"open","sticky":false,"template":"","format":"standard","meta":{"fifu_image_url":"https:\/\/sgvaimudar.com.br\/wp-content\/uploads\/2026\/09\/unnamed-11-1-scaled.jpg","fifu_image_alt":"","footnotes":""},"categories":[3],"tags":[3133,395,3132,3131,47,75],"class_list":["post-46684","post","type-post","status-publish","format-standard","has-post-thumbnail","hentry","category-sao-goncalo","tag-atlantica","tag-combate","tag-mata","tag-preservacao-2","tag-rj","tag-sao-goncalo"],"_links":{"self":[{"href":"https:\/\/sgvaimudar.com.br\/index.php\/wp-json\/wp\/v2\/posts\/46684","targetHints":{"allow":["GET"]}}],"collection":[{"href":"https:\/\/sgvaimudar.com.br\/index.php\/wp-json\/wp\/v2\/posts"}],"about":[{"href":"https:\/\/sgvaimudar.com.br\/index.php\/wp-json\/wp\/v2\/types\/post"}],"author":[{"embeddable":true,"href":"https:\/\/sgvaimudar.com.br\/index.php\/wp-json\/wp\/v2\/users\/5"}],"replies":[{"embeddable":true,"href":"https:\/\/sgvaimudar.com.br\/index.php\/wp-json\/wp\/v2\/comments?post=46684"}],"version-history":[{"count":1,"href":"https:\/\/sgvaimudar.com.br\/index.php\/wp-json\/wp\/v2\/posts\/46684\/revisions"}],"predecessor-version":[{"id":46686,"href":"https:\/\/sgvaimudar.com.br\/index.php\/wp-json\/wp\/v2\/posts\/46684\/revisions\/46686"}],"wp:featuredmedia":[{"embeddable":true,"href":"https:\/\/sgvaimudar.com.br\/index.php\/wp-json\/wp\/v2\/media\/46687"}],"wp:attachment":[{"href":"https:\/\/sgvaimudar.com.br\/index.php\/wp-json\/wp\/v2\/media?parent=46684"}],"wp:term":[{"taxonomy":"category","embeddable":true,"href":"https:\/\/sgvaimudar.com.br\/index.php\/wp-json\/wp\/v2\/categories?post=46684"},{"taxonomy":"post_tag","embeddable":true,"href":"https:\/\/sgvaimudar.com.br\/index.php\/wp-json\/wp\/v2\/tags?post=46684"}],"curies":[{"name":"wp","href":"https:\/\/api.w.org\/{rel}","templated":true}]}}